{"id":81651,"date":"2025-06-23T12:30:00","date_gmt":"2025-06-23T18:30:00","guid":{"rendered":"https:\/\/zonaroja.com.mx\/?p=81651"},"modified":"2025-06-23T14:33:18","modified_gmt":"2025-06-23T20:33:18","slug":"cinco-calcinados-en-un-autobus-en-acapulco-ocho-ultimados-en-bcs","status":"publish","type":"post","link":"https:\/\/zonaroja.com.mx\/?p=81651","title":{"rendered":"Cinco calcinados en un autob\u00fas en Acapulco; ocho ultimados en BCS"},"content":{"rendered":"\n<p>Redacci\u00f3n\/Zona Roja Cdmx.<\/p>\n\n\n\n<p>Ciudad de M\u00e9xico, a 23 de junio de 2025.- Un autob\u00fas del transporte p\u00fablico, con los cuerpos de cinco personas en el interior, fue incendiado por grupos criminales en la avenida Ruiz Cortines, cerca de la colonia La Laja, en la parte alta de Acapulco, Guerrero.&nbsp;<\/p>\n\n\n\n<p>Antier alrededor de las 22:40 horas, corporaciones de seguridad recibieron el reporte de la quema de la unidad que cubre la ruta Hospitales-Vacacional, de la l\u00ednea amarilla.<\/p>\n\n\n\n<p>Bomberos de Acapulco sofocaron el fuego. El cami\u00f3n estaba estacionado en la vialidad citada con direcci\u00f3n al centro y adentro estaban cinco cad\u00e1veres calcinados.<\/p>\n\n\n\n<p>A su arribo, agentes de la polic\u00eda estatal acordonaron la zona, cerraron ambos sentidos de la arteria y peritos de la fiscal\u00eda estatal efectuaron las diligencias de ley. Mientras, personal del Servicio M\u00e9dico Forense traslad\u00f3 los cuerpos.<\/p>\n\n\n\n<p>Al mediod\u00eda del s\u00e1bado, un hombre fue asesinado a balazos en calles del fraccionamiento Magallanes, cuando se desplazaba en su motocicleta.<\/p>\n\n\n\n<p>EN BAJA CALIFORNIA SUR<\/p>\n\n\n\n<p>Mientras, en Baja California Sur, ocho personas asesinadas y una herida de bala fue el saldo de una jornada violenta el s\u00e1bado, la cual comenz\u00f3 con un enfrentamiento entre polic\u00edas ministeriales y presuntos delincuentes en la ciudad de La Paz.<\/p>\n\n\n\n<p>La Mesa de Seguridad estatal inform\u00f3 que en la colonia Tabachines, de la capital, un agente estatal de Investigaci\u00f3n Criminal falleci\u00f3 y un presunto agresor fue abatido.<\/p>\n\n\n\n<p>En otra refriega tres presuntos integrantes de una c\u00e9lula criminal fueron ultimados por fuerzas de seguridad.<\/p>\n\n\n\n<p>En el tiroteo un ministerial result\u00f3 lesionado. La autoridad asegur\u00f3 dos armas largas y tres cortas. En el municipio de Comond\u00fa, una persona fue ultimada en la comunidad de Ciudad Insurgentes, y horas m\u00e1s tarde, en la colonia Zaragoza, de la ciudad de Loreto, un hombre y una mujer fueron ejecutados a tiros.<\/p>\n\n\n\n<p>El gobernador V\u00edctor Manuel Castro declar\u00f3 que ante los sucesos violentos de las \u00faltimas horas en La Paz, Comond\u00fa y Loreto, se reforzaron los operativos interinstitucionales para restablecer el orden y garantizar la seguridad de la poblaci\u00f3n.<\/p>\n\n\n\n<p>(Informaci\u00f3n de \u201cLa Jornada\u201d)<\/p>\n","protected":false},"excerpt":{"rendered":"<p>Redacci\u00f3n\/Zona Roja Cdmx. Ciudad de M\u00e9xico, a 23 de junio de 2025.- Un autob\u00fas del&hellip;<\/p>\n","protected":false},"author":2,"featured_media":65347,"comment_status":"closed","ping_status":"open","sticky":false,"template":"","format":"standard","meta":{"_lmt_disableupdate":"","_lmt_disable":"","_jetpack_memberships_contains_paid_content":false,"footnotes":""},"categories":[109,51],"tags":[1746],"class_list":["post-81651","post","type-post","status-publish","format-standard","has-post-thumbnail","hentry","category-minuto-a-minuto","category-zona-roja","tag-violencia-en-mexico"],"jetpack_featured_media_url":"https:\/\/zonaroja.com.mx\/wp-content\/uploads\/2024\/02\/Escena-asesinato-homicidio-crimen.jpeg.webp","jetpack_sharing_enabled":true,"_links":{"self":[{"href":"https:\/\/zonaroja.com.mx\/index.php?rest_route=\/wp\/v2\/posts\/81651","targetHints":{"allow":["GET"]}}],"collection":[{"href":"https:\/\/zonaroja.com.mx\/index.php?rest_route=\/wp\/v2\/posts"}],"about":[{"href":"https:\/\/zonaroja.com.mx\/index.php?rest_route=\/wp\/v2\/types\/post"}],"author":[{"embeddable":true,"href":"https:\/\/zonaroja.com.mx\/index.php?rest_route=\/wp\/v2\/users\/2"}],"replies":[{"embeddable":true,"href":"https:\/\/zonaroja.com.mx\/index.php?rest_route=%2Fwp%2Fv2%2Fcomments&post=81651"}],"version-history":[{"count":2,"href":"https:\/\/zonaroja.com.mx\/index.php?rest_route=\/wp\/v2\/posts\/81651\/revisions"}],"predecessor-version":[{"id":81653,"href":"https:\/\/zonaroja.com.mx\/index.php?rest_route=\/wp\/v2\/posts\/81651\/revisions\/81653"}],"wp:featuredmedia":[{"embeddable":true,"href":"https:\/\/zonaroja.com.mx\/index.php?rest_route=\/wp\/v2\/media\/65347"}],"wp:attachment":[{"href":"https:\/\/zonaroja.com.mx\/index.php?rest_route=%2Fwp%2Fv2%2Fmedia&parent=81651"}],"wp:term":[{"taxonomy":"category","embeddable":true,"href":"https:\/\/zonaroja.com.mx\/index.php?rest_route=%2Fwp%2Fv2%2Fcategories&post=81651"},{"taxonomy":"post_tag","embeddable":true,"href":"https:\/\/zonaroja.com.mx\/index.php?rest_route=%2Fwp%2Fv2%2Ftags&post=81651"}],"curies":[{"name":"wp","href":"https:\/\/api.w.org\/{rel}","templated":true}]}}