{"id":81657,"date":"2025-06-23T16:00:00","date_gmt":"2025-06-23T22:00:00","guid":{"rendered":"https:\/\/zonaroja.com.mx\/?p=81657"},"modified":"2025-06-23T15:34:16","modified_gmt":"2025-06-23T21:34:16","slug":"rescatan-en-florida-a-60-ninos-en-probable-trata-de-personas","status":"publish","type":"post","link":"https:\/\/zonaroja.com.mx\/?p=81657","title":{"rendered":"Rescatan en Florida a 60 ni\u00f1os en probable trata de personas"},"content":{"rendered":"\n<p>Redacci\u00f3n\/Zona Roja Cdmx.<\/p>\n\n\n\n<p>Ciudad de M\u00e9xico, a 23 de junio de 2025.- Las autoridades floridanas y el Servicio de Alguaciles de Estados Unidos salvaron a 60 ni\u00f1os desaparecidos, presuntas v\u00edctimas de trata, en la Operaci\u00f3n Ojo de Drag\u00f3n, uno de los \u201cmayores\u201d operativos de rescate en Estados Unidos, afirm\u00f3 el fiscal general de Florida, James Uthmeier.<\/p>\n\n\n\n<p>La operaci\u00f3n, que dur\u00f3 dos semanas en el \u00e1rea de la bah\u00eda de Tampa, en el centro de Florida, tambi\u00e9n dio por resultado ocho detenidos, quienes afrontar\u00e1n cargos por tr\u00e1fico de personas, negligencia infantil, posesi\u00f3n de drogas y narcotr\u00e1fico, detall\u00f3 la oficina del fiscal.<\/p>\n\n\n\n<p>\u201cSi victimizas a los ni\u00f1os, vas a ir a prisi\u00f3n, final de la historia\u201d, declar\u00f3 Uthmeier en una conferencia de prensa.<\/p>\n\n\n\n<p>El operativo implic\u00f3 tambi\u00e9n proveer apoyo f\u00edsico y psicol\u00f3gico a los ni\u00f1os, que estaban reportados como desaparecidos y ten\u00edan entre 9 y 17 a\u00f1os, indic\u00f3 el alguacil William Berger.<\/p>\n\n\n\n<p>La misi\u00f3n la lider\u00f3 el Servicio de Alguaciles de Estados Unidos, conocido como el US Marshal, con ayuda de cerca de 20 agencias estatales y federales.<\/p>\n\n\n\n<p>\u201cSesenta ni\u00f1os salvados, ese n\u00famero env\u00eda el mensaje de que Florida nunca ser\u00e1 un lugar seguro para los traficantes\u201d, advirti\u00f3 Mak Glass, comisionado del Departamento de Cumplimiento de la Ley de Florida (FLDE, en ingl\u00e9s).<\/p>\n\n\n\n<p>(Con informaci\u00f3n de EFE)<\/p>\n","protected":false},"excerpt":{"rendered":"<p>Redacci\u00f3n\/Zona Roja Cdmx. Ciudad de M\u00e9xico, a 23 de junio de 2025.- Las autoridades floridanas&hellip;<\/p>\n","protected":false},"author":2,"featured_media":68108,"comment_status":"closed","ping_status":"open","sticky":false,"template":"","format":"standard","meta":{"_lmt_disableupdate":"","_lmt_disable":"","_jetpack_memberships_contains_paid_content":false,"footnotes":""},"categories":[109,47],"tags":[],"class_list":["post-81657","post","type-post","status-publish","format-standard","has-post-thumbnail","hentry","category-minuto-a-minuto","category-zona-gris"],"jetpack_featured_media_url":"https:\/\/zonaroja.com.mx\/wp-content\/uploads\/2024\/05\/Trata-de-personas-2.jpeg","jetpack_sharing_enabled":true,"_links":{"self":[{"href":"https:\/\/zonaroja.com.mx\/index.php?rest_route=\/wp\/v2\/posts\/81657","targetHints":{"allow":["GET"]}}],"collection":[{"href":"https:\/\/zonaroja.com.mx\/index.php?rest_route=\/wp\/v2\/posts"}],"about":[{"href":"https:\/\/zonaroja.com.mx\/index.php?rest_route=\/wp\/v2\/types\/post"}],"author":[{"embeddable":true,"href":"https:\/\/zonaroja.com.mx\/index.php?rest_route=\/wp\/v2\/users\/2"}],"replies":[{"embeddable":true,"href":"https:\/\/zonaroja.com.mx\/index.php?rest_route=%2Fwp%2Fv2%2Fcomments&post=81657"}],"version-history":[{"count":1,"href":"https:\/\/zonaroja.com.mx\/index.php?rest_route=\/wp\/v2\/posts\/81657\/revisions"}],"predecessor-version":[{"id":81658,"href":"https:\/\/zonaroja.com.mx\/index.php?rest_route=\/wp\/v2\/posts\/81657\/revisions\/81658"}],"wp:featuredmedia":[{"embeddable":true,"href":"https:\/\/zonaroja.com.mx\/index.php?rest_route=\/wp\/v2\/media\/68108"}],"wp:attachment":[{"href":"https:\/\/zonaroja.com.mx\/index.php?rest_route=%2Fwp%2Fv2%2Fmedia&parent=81657"}],"wp:term":[{"taxonomy":"category","embeddable":true,"href":"https:\/\/zonaroja.com.mx\/index.php?rest_route=%2Fwp%2Fv2%2Fcategories&post=81657"},{"taxonomy":"post_tag","embeddable":true,"href":"https:\/\/zonaroja.com.mx\/index.php?rest_route=%2Fwp%2Fv2%2Ftags&post=81657"}],"curies":[{"name":"wp","href":"https:\/\/api.w.org\/{rel}","templated":true}]}}