{"id":81659,"date":"2025-06-23T18:51:06","date_gmt":"2025-06-24T00:51:06","guid":{"rendered":"https:\/\/zonaroja.com.mx\/?p=81659"},"modified":"2025-06-23T18:51:08","modified_gmt":"2025-06-24T00:51:08","slug":"por-fin-recapturan-a-recluso-fugado-del-penal-de-tanivet-hace-mes-y-medio","status":"publish","type":"post","link":"https:\/\/zonaroja.com.mx\/?p=81659","title":{"rendered":"Por fin recapturan a recluso fugado del penal de Tanivet hace mes y medio"},"content":{"rendered":"\n<p>Redacci\u00f3n\/Zona Roja.<\/p>\n\n\n\n<p>Oaxaca, Oax., a 23 de junio de 2025.- Luego de m\u00e1s de un mes y medio de haberse fugado del Centro de Reinserci\u00f3n Social Varonil de San Francisco Tanivet, Tlacolula, Am\u00edn G. B., fue recapturado hoy.<\/p>\n\n\n\n<p>As\u00ed lo confirm\u00f3 la Secretar\u00eda de Seguridad y Protecci\u00f3n Ciudadana (SSPC), a trav\u00e9s de un comunicado, en que detall\u00f3 que fue el pasado 9 de mayo en que se fug\u00f3.<\/p>\n\n\n\n<p>Por ese hecho, fueron detenidos al menos cinco custodios y funcionarios de dicho penal, que hasta ahora siguen bajo proceso. El hombre, acusado de robo, presuntamente troz\u00f3 los barrotes y luego, supuestamente, trep\u00f3 y salt\u00f3 la barda con hilos de hamaca.&nbsp;<\/p>\n\n\n\n<p>Tras ello, la Fiscal\u00eda General del Estado procedi\u00f3 al arresto del subdirector, Carlos C.l., el inspector, Pedro Roberto T.J., y los custodios Alejandrino A.L., y Heymar Jes\u00fas R.V., quienes quedaron detenidos como presuntos responsables del delito de resistencia de particulares.<\/p>\n\n\n\n<p>Este lunes, la Secretar\u00eda de Seguridad inform\u00f3 que luego de varios operativos de b\u00fasqueda y de alertamiento, la persona del sexo masculino fue nuevamente capturada por personal de la Agencia Estatal de Investigaciones (AEI) de la Fiscal\u00eda General del Estado de Oaxaca (FGEO) y reingresado a las instalaciones penitenciarias conforme a los protocolos establecidos.<\/p>\n\n\n\n<p>\u201cSer\u00e1n las autoridades competentes quienes determinen lo correspondiente en torno a la situaci\u00f3n legal de la persona reaprehendida, en tanto que la SSPC reitera su compromiso con el orden y gobernabilidad al interior del Sistema Penitenciario Estatal\u201d, detall\u00f3 la dependencia.<\/p>\n","protected":false},"excerpt":{"rendered":"<p>Redacci\u00f3n\/Zona Roja. Oaxaca, Oax., a 23 de junio de 2025.- Luego de m\u00e1s de un&hellip;<\/p>\n","protected":false},"author":2,"featured_media":81660,"comment_status":"closed","ping_status":"open","sticky":false,"template":"","format":"standard","meta":{"_lmt_disableupdate":"","_lmt_disable":"","_jetpack_memberships_contains_paid_content":false,"footnotes":""},"categories":[109,46],"tags":[],"class_list":["post-81659","post","type-post","status-publish","format-standard","has-post-thumbnail","hentry","category-minuto-a-minuto","category-zona-blanca"],"jetpack_featured_media_url":"https:\/\/zonaroja.com.mx\/wp-content\/uploads\/2025\/06\/Amin-G.-recapturado-tras-fuga-penal-Tanivet.jpg","jetpack_sharing_enabled":true,"_links":{"self":[{"href":"https:\/\/zonaroja.com.mx\/index.php?rest_route=\/wp\/v2\/posts\/81659","targetHints":{"allow":["GET"]}}],"collection":[{"href":"https:\/\/zonaroja.com.mx\/index.php?rest_route=\/wp\/v2\/posts"}],"about":[{"href":"https:\/\/zonaroja.com.mx\/index.php?rest_route=\/wp\/v2\/types\/post"}],"author":[{"embeddable":true,"href":"https:\/\/zonaroja.com.mx\/index.php?rest_route=\/wp\/v2\/users\/2"}],"replies":[{"embeddable":true,"href":"https:\/\/zonaroja.com.mx\/index.php?rest_route=%2Fwp%2Fv2%2Fcomments&post=81659"}],"version-history":[{"count":1,"href":"https:\/\/zonaroja.com.mx\/index.php?rest_route=\/wp\/v2\/posts\/81659\/revisions"}],"predecessor-version":[{"id":81661,"href":"https:\/\/zonaroja.com.mx\/index.php?rest_route=\/wp\/v2\/posts\/81659\/revisions\/81661"}],"wp:featuredmedia":[{"embeddable":true,"href":"https:\/\/zonaroja.com.mx\/index.php?rest_route=\/wp\/v2\/media\/81660"}],"wp:attachment":[{"href":"https:\/\/zonaroja.com.mx\/index.php?rest_route=%2Fwp%2Fv2%2Fmedia&parent=81659"}],"wp:term":[{"taxonomy":"category","embeddable":true,"href":"https:\/\/zonaroja.com.mx\/index.php?rest_route=%2Fwp%2Fv2%2Fcategories&post=81659"},{"taxonomy":"post_tag","embeddable":true,"href":"https:\/\/zonaroja.com.mx\/index.php?rest_route=%2Fwp%2Fv2%2Ftags&post=81659"}],"curies":[{"name":"wp","href":"https:\/\/api.w.org\/{rel}","templated":true}]}}