{"id":81662,"date":"2025-06-23T20:07:12","date_gmt":"2025-06-24T02:07:12","guid":{"rendered":"https:\/\/zonaroja.com.mx\/?p=81662"},"modified":"2025-06-23T20:07:13","modified_gmt":"2025-06-24T02:07:13","slug":"firma-sheinbaum-decreto-para-bajar-edad-de-jubilacion-de-docentes","status":"publish","type":"post","link":"https:\/\/zonaroja.com.mx\/?p=81662","title":{"rendered":"Firma Sheinbaum decreto para bajar edad de jubilaci\u00f3n de docentes"},"content":{"rendered":"\n<p>Redacci\u00f3n\/Zona Roja Cdmx.<\/p>\n\n\n\n<p>Ciudad de M\u00e9xico, a 23 de junio de 2025.- La presidenta Claudia Sheinbaum firm\u00f3 dos decretos que benefician la movilidad laboral de los maestros y disminuyen la edad de jubilaci\u00f3n, esto como parte de los acuerdos del pasado 15 de mayo entre el gobierno federal y el magisterio.<\/p>\n\n\n\n<p>El beneficio de una jubilaci\u00f3n m\u00e1s temprana ser\u00e1 para quienes se encuentran en el d\u00e9cimo transitorio de la Ley del ISSSTE.<\/p>\n\n\n\n<p>\u201cFacilitan y transparentan la movilidad laboral, y disminuyen la edad para que accedan a pensi\u00f3n jubilatoria justa y digna quienes est\u00e1n en el d\u00e9cimo transitorio. Cumplimos el compromiso\u201d, expuso la presidenta de la Rep\u00fablica a trav\u00e9s de sus redes sociales.<\/p>\n\n\n\n<p>Con el decreto que se publica en el Diario Oficial de la Federaci\u00f3n (DOF) este martes 24 de junio, el personal docente podr\u00e1 acceder con mayor celeridad a una pensi\u00f3n por jubilaci\u00f3n, pues no s\u00f3lo se congela la edad para este tr\u00e1mite, sino que se reduce.<\/p>\n\n\n\n<p>Con estos cambios, las maestras que cumplan 28 a\u00f1os de servicio, y 30 a\u00f1os en el caso de profesores hombres, tendr\u00e1n derecho de solicitar su jubilaci\u00f3n sin que deben esperar a cumplir con el requisito de la edad.<\/p>\n\n\n\n<p>\u201cTienen que cumplir las maestras y los maestros, 30 a\u00f1os en el caso de hombres, de haber trabajado como maestros, y 28 a\u00f1os en el caso de mujeres. Lo que estaba pasando es que, aunque cumplieran 30 a\u00f1os, cada a\u00f1o o cada dos a\u00f1os aumentaba la edad de jubilaci\u00f3n. Ahora no s\u00f3lo se congela, sino que disminuye hasta 2034\u201d, explic\u00f3 la titular del Poder Ejecutivo.<\/p>\n\n\n\n<p>Hasta ahora, aunque los docentes cumplieran con los a\u00f1os de servicio requeridos, la edad m\u00ednima para jubilarse aumentaba peri\u00f3dicamente, lo que generaba incertidumbre y descontento en el sector.<\/p>\n\n\n\n<p>De acuerdo con la mandataria, esta disposici\u00f3n representa un alivio para quienes han dedicado d\u00e9cadas a la ense\u00f1anza, ya que les permitir\u00e1 acceder a su retiro en condiciones m\u00e1s favorables y con mayor certeza sobre su futuro.<\/p>\n\n\n\n<p>Claudia Sheinbaum Pardo tambi\u00e9n record\u00f3 el incremento salarial del 9 % para las y los maestros, el cual ser\u00e1 retroactivo a enero y se reflejar\u00e1 a partir del 1 de julio, con un aumento adicional del 1 % a partir de septiembre.<\/p>\n\n\n\n<p>Este ajuste salarial busca reconocer la labor del magisterio y mejorar su poder adquisitivo, en un contexto donde la inflaci\u00f3n y el costo de vida han impactado a los trabajadores de la educaci\u00f3n.<\/p>\n\n\n\n<p>(Informaci\u00f3n de Infobae M\u00e9xico)<\/p>\n","protected":false},"excerpt":{"rendered":"<p>Redacci\u00f3n\/Zona Roja Cdmx. Ciudad de M\u00e9xico, a 23 de junio de 2025.- La presidenta Claudia&hellip;<\/p>\n","protected":false},"author":2,"featured_media":81663,"comment_status":"closed","ping_status":"open","sticky":false,"template":"","format":"standard","meta":{"_lmt_disableupdate":"","_lmt_disable":"","_jetpack_memberships_contains_paid_content":false,"footnotes":""},"categories":[109,46],"tags":[3370],"class_list":["post-81662","post","type-post","status-publish","format-standard","has-post-thumbnail","hentry","category-minuto-a-minuto","category-zona-blanca","tag-claudia-sheinbaum"],"jetpack_featured_media_url":"https:\/\/zonaroja.com.mx\/wp-content\/uploads\/2025\/06\/Claudia-Sheinbaum-conferencia.jpg","jetpack_sharing_enabled":true,"_links":{"self":[{"href":"https:\/\/zonaroja.com.mx\/index.php?rest_route=\/wp\/v2\/posts\/81662","targetHints":{"allow":["GET"]}}],"collection":[{"href":"https:\/\/zonaroja.com.mx\/index.php?rest_route=\/wp\/v2\/posts"}],"about":[{"href":"https:\/\/zonaroja.com.mx\/index.php?rest_route=\/wp\/v2\/types\/post"}],"author":[{"embeddable":true,"href":"https:\/\/zonaroja.com.mx\/index.php?rest_route=\/wp\/v2\/users\/2"}],"replies":[{"embeddable":true,"href":"https:\/\/zonaroja.com.mx\/index.php?rest_route=%2Fwp%2Fv2%2Fcomments&post=81662"}],"version-history":[{"count":1,"href":"https:\/\/zonaroja.com.mx\/index.php?rest_route=\/wp\/v2\/posts\/81662\/revisions"}],"predecessor-version":[{"id":81664,"href":"https:\/\/zonaroja.com.mx\/index.php?rest_route=\/wp\/v2\/posts\/81662\/revisions\/81664"}],"wp:featuredmedia":[{"embeddable":true,"href":"https:\/\/zonaroja.com.mx\/index.php?rest_route=\/wp\/v2\/media\/81663"}],"wp:attachment":[{"href":"https:\/\/zonaroja.com.mx\/index.php?rest_route=%2Fwp%2Fv2%2Fmedia&parent=81662"}],"wp:term":[{"taxonomy":"category","embeddable":true,"href":"https:\/\/zonaroja.com.mx\/index.php?rest_route=%2Fwp%2Fv2%2Fcategories&post=81662"},{"taxonomy":"post_tag","embeddable":true,"href":"https:\/\/zonaroja.com.mx\/index.php?rest_route=%2Fwp%2Fv2%2Ftags&post=81662"}],"curies":[{"name":"wp","href":"https:\/\/api.w.org\/{rel}","templated":true}]}}