{"id":81665,"date":"2025-06-23T21:05:31","date_gmt":"2025-06-24T03:05:31","guid":{"rendered":"https:\/\/zonaroja.com.mx\/?p=81665"},"modified":"2025-06-23T21:05:33","modified_gmt":"2025-06-24T03:05:33","slug":"paliativos-y-superficiales-decretos-sobre-aumento-salarial-y-edad-de-jubilacion-s22","status":"publish","type":"post","link":"https:\/\/zonaroja.com.mx\/?p=81665","title":{"rendered":"Paliativos y superficiales, decretos sobre aumento salarial y edad de jubilaci\u00f3n: S22"},"content":{"rendered":"\n<p>Lisbeth Mej\u00eda Reyes\/Zona Roja.<\/p>\n\n\n\n<p>Oaxaca, Oax., a 23 de junio de 2025.- Como paliativos y superficiales, as\u00ed calific\u00f3 la Secci\u00f3n 22 del Sindicato Nacional de Trabajadores de la Educaci\u00f3n (SNTE) los decretos de aumento al salario de las y los docentes, as\u00ed como el congelamiento de la edad de jubilaci\u00f3n y de movilidad de centros de trabajo que anunci\u00f3 este 23 de junio la Presidenta Claudia Sheinbaum.<\/p>\n\n\n\n<p>A trav\u00e9s de un pronunciamiento, la gremial rechaz\u00f3 \u00abla narrativa oficial\u00bb del gobierno mexicano, al considerarla como \u00abde continuidad de pol\u00edticas neoliberales, mediante medidas que no resuelven de fondo las demandas hist\u00f3ricas del magisterio democr\u00e1tico\u00bb.&nbsp;<\/p>\n\n\n\n<p>Entre estas, la eliminaci\u00f3n inmediata de la Ley del ISSSTE 2007, que se ha mantenido desde el sexenio de Felipe Calder\u00f3n y que ha sido una de las exigencias centrales de las protestas de la Coordinadora Nacional de Trabajadores de la Educaci\u00f3n en los \u00faltimos a\u00f1os. Tambi\u00e9n durante el \u00abplant\u00f3n\u00bb nacional en la Ciudad de M\u00e9xico del 15 de mayo al 7 de junio.<\/p>\n\n\n\n<p>Desde el Palacio Nacional, la Presidenta se\u00f1al\u00f3 hoy que el nueve por ciento de aumento ser\u00e1 distribuido entre el salario y las prestaciones, adem\u00e1s de que se aplicar\u00e1 a partir del 1 de julio y ser\u00e1 retroactivo. En tanto, el otro uno por ciento de aumento ser\u00e1 a partir de septiembre.&nbsp;<\/p>\n\n\n\n<p>Sin embargo, para la Secci\u00f3n 22 \u00abel anunciado aumento salarial del 10% para septiembre no corresponde a la realidad de las y los trabajadores\u00bb, ya que de acuerdo con diversos an\u00e1lisis \u00abapenas un 4% impacta realmente en el sueldo base (concepto 07), que es el que cuenta para efectos de pensiones y prestaciones\u00bb.&nbsp;<\/p>\n\n\n\n<p>Al se\u00f1alar que hay una alta carga fiscal por concepto de Impuesto sobre la renta (ISR), \u00abque en muchos casos supera el 12% del ingreso bruto mensual\u00bb, la representaci\u00f3n sindical calific\u00f3 el aumento como una simulaci\u00f3n.<\/p>\n\n\n\n<p>Sobre el congelamiento de la edad de jubilaci\u00f3n, que la mandataria dijo que ser\u00e1 a partir del a\u00f1o 2028, la Secci\u00f3n 22 explic\u00f3 que el decreto \u00abaplica \u00fanicamente al personal incorporado al D\u00e9cimo Transitorio, lo que representa alrededor del 30% del total\u00bb de las y los docentes.&nbsp;<\/p>\n\n\n\n<p>Adem\u00e1s de que \u00abes una medida gradual que ser\u00e1 efectiva en su totalidad hasta 2034. Es decir, ni es universal ni inmediata, y mucho menos una respuesta estructural\u00bb.<\/p>\n\n\n\n<p>Sheinbaum tambi\u00e9n se refiri\u00f3 a la movilidad entre centros educativos en tanto se cambia la Unidad del Sistema para la Carrera de las Maestras y los Maestros (USICAMM).<\/p>\n\n\n\n<p>\u00abNo es m\u00e1s que un acuerdo pol\u00edtico superficial, que no representa una modificaci\u00f3n sustancial a la reforma educativa\u00bb del gobierno de Enrique Pe\u00f1a Nieto, explic\u00f3 la gremial.<\/p>\n","protected":false},"excerpt":{"rendered":"<p>Lisbeth Mej\u00eda Reyes\/Zona Roja. Oaxaca, Oax., a 23 de junio de 2025.- Como paliativos y&hellip;<\/p>\n","protected":false},"author":2,"featured_media":79781,"comment_status":"closed","ping_status":"open","sticky":false,"template":"","format":"standard","meta":{"_lmt_disableupdate":"","_lmt_disable":"","_jetpack_memberships_contains_paid_content":false,"footnotes":""},"categories":[109,47],"tags":[312],"class_list":["post-81665","post","type-post","status-publish","format-standard","has-post-thumbnail","hentry","category-minuto-a-minuto","category-zona-gris","tag-seccion-22-del-snte"],"jetpack_featured_media_url":"https:\/\/zonaroja.com.mx\/wp-content\/uploads\/2025\/04\/SNTe-Seccion-22-del-SNTE.jpg","jetpack_sharing_enabled":true,"_links":{"self":[{"href":"https:\/\/zonaroja.com.mx\/index.php?rest_route=\/wp\/v2\/posts\/81665","targetHints":{"allow":["GET"]}}],"collection":[{"href":"https:\/\/zonaroja.com.mx\/index.php?rest_route=\/wp\/v2\/posts"}],"about":[{"href":"https:\/\/zonaroja.com.mx\/index.php?rest_route=\/wp\/v2\/types\/post"}],"author":[{"embeddable":true,"href":"https:\/\/zonaroja.com.mx\/index.php?rest_route=\/wp\/v2\/users\/2"}],"replies":[{"embeddable":true,"href":"https:\/\/zonaroja.com.mx\/index.php?rest_route=%2Fwp%2Fv2%2Fcomments&post=81665"}],"version-history":[{"count":1,"href":"https:\/\/zonaroja.com.mx\/index.php?rest_route=\/wp\/v2\/posts\/81665\/revisions"}],"predecessor-version":[{"id":81666,"href":"https:\/\/zonaroja.com.mx\/index.php?rest_route=\/wp\/v2\/posts\/81665\/revisions\/81666"}],"wp:featuredmedia":[{"embeddable":true,"href":"https:\/\/zonaroja.com.mx\/index.php?rest_route=\/wp\/v2\/media\/79781"}],"wp:attachment":[{"href":"https:\/\/zonaroja.com.mx\/index.php?rest_route=%2Fwp%2Fv2%2Fmedia&parent=81665"}],"wp:term":[{"taxonomy":"category","embeddable":true,"href":"https:\/\/zonaroja.com.mx\/index.php?rest_route=%2Fwp%2Fv2%2Fcategories&post=81665"},{"taxonomy":"post_tag","embeddable":true,"href":"https:\/\/zonaroja.com.mx\/index.php?rest_route=%2Fwp%2Fv2%2Ftags&post=81665"}],"curies":[{"name":"wp","href":"https:\/\/api.w.org\/{rel}","templated":true}]}}