{"id":81667,"date":"2025-06-23T22:09:27","date_gmt":"2025-06-24T04:09:27","guid":{"rendered":"https:\/\/zonaroja.com.mx\/?p=81667"},"modified":"2025-06-23T22:09:29","modified_gmt":"2025-06-24T04:09:29","slug":"autoridad-de-juchitan-se-resiste-a-entregar-el-mando-policial-municipal","status":"publish","type":"post","link":"https:\/\/zonaroja.com.mx\/?p=81667","title":{"rendered":"Autoridad de Juchit\u00e1n se resiste a entregar el mando policial municipal"},"content":{"rendered":"\n<p>Raymundo Morales\/Zona Roja.<\/p>\n\n\n\n<p>Oaxaca, Oax., a 23 de junio de 2025.- Luego del operativo federal y estatal del pasado s\u00e1bado, la autoridad municipal de Juchit\u00e1n de Zaragoza, se resiste a entregar el mando policiaco.<\/p>\n\n\n\n<p>\u201cEn un ejercicio de gobernabilidad y responsabilidad compartida, el presidente Miguel S\u00e1nchez Altamirano, en conjunto con autoridades de las fuerzas de seguridad de los gobiernos estatal y federal, dise\u00f1aron una nueva estrategia de colaboraci\u00f3n para reforzar las acciones institucionales en el municipio de Juchit\u00e1n, a trav\u00e9s de una coordinaci\u00f3n que privilegia la actuaci\u00f3n ordenada, eficiente y con resultados tangibles para la ciudadan\u00eda.<\/p>\n\n\n\n<p>\u201cComo parte de los acuerdos, la Polic\u00eda Estatal hizo entrega formal de las instalaciones de la Comisar\u00eda, las cuales volver\u00e1n a operar bajo responsabilidad de la Polic\u00eda Municipal. En este marco, se ratific\u00f3 al Capit\u00e1n Segundo de Caballer\u00eda, David V\u00e1squez Gualberto, como comisario municipal, junto con su estructura de mandos\u201d, difundi\u00f3 el ayuntamiento esta ma\u00f1ana.<\/p>\n\n\n\n<p>Ello pese a revisi\u00f3n de la sede de la comisar\u00eda por parte de la Fiscal\u00eda General del Estado de Oaxaca, en que se hallaron irregularidades en el uso del armamento, as\u00ed como probables actos delictivos por parte de algunos uniformados; los 218 elementos tendr\u00e1n que pasar por ex\u00e1menes de control y confianza.<\/p>\n\n\n\n<p>En un comunicado, la Fiscal\u00eda dio a conocer que, luego de la implementaci\u00f3n de la Operaci\u00f3n \u201cSable\u201d, deriva de trabajos de inteligencia, los 218 elementos adscritos a la Comisar\u00eda de Seguridad P\u00fablica Municipal de Juchit\u00e1n de Zaragoza ser\u00e1n sometidos a evaluaciones de control y confianza, los cuales estar\u00e1n a cargo del Centro de Evaluaci\u00f3n y Control de Confianza del Secretariado Ejecutivo del Sistema Estatal de Seguridad P\u00fablica<\/p>\n\n\n\n<p>\u201cPor lo que los trabajos de seguridad en esta ciudad quedan a cargo de la Polic\u00eda Estatal de la Secretar\u00eda de Seguridad y Protecci\u00f3n Ciudadana (SSPC), que asume estas labores junto con la Secretar\u00eda de la Defensa Nacional (Defensa), Secretar\u00eda de Marina (Semar) y la Guardia Nacional.<\/p>\n\n\n\n<p>\u201cEn tanto que se estableci\u00f3 un mando coordinado entre las fuerzas federales, estatales y la Fiscal\u00eda de Oaxaca, encabezado por un Comandante de la Polic\u00eda Estatal de la SSPC, el cual ser\u00e1 el responsable de la seguridad en el municipio\u201d.<\/p>\n\n\n\n<p>La instituci\u00f3n de procuraci\u00f3n de justicia apunt\u00f3 que el proceso de certificaci\u00f3n y evaluaci\u00f3n de confianza de los elementos de la polic\u00eda municipal requiere de tres meses para entregar los resultados y determinar cu\u00e1ntos de estos elementos est\u00e1n calificados para realizar labores de seguridad p\u00fablica.<\/p>\n\n\n\n<p>Por lo que, el control de la polic\u00eda municipal y sus facultades legales quedan a cargo de la fuerzas estatales y federales durante este periodo, adem\u00e1s se cuenta con la colaboraci\u00f3n de las autoridades municipales.<\/p>\n\n\n\n<p>\u201cMientras que, el C2 y C4 del municipio est\u00e1n bajo el mando de SSPC y la Mesa de Seguridad Estatal, para garantizar la supervisi\u00f3n permanente y tener la capacidad de respuesta inmediata ante cualquier contingencia.<\/p>\n\n\n\n<p>\u201cAdem\u00e1s, la Fiscal\u00eda de Oaxaca asegur\u00f3 la armer\u00eda de la Polic\u00eda Municipal luego de detectar irregularidades en el armamento y el permiso colectivo de portaci\u00f3n, por lo que se realizan las labores de verificaci\u00f3n, mientras que las armas quedaron bajo resguardo de la Polic\u00eda Estatal\u201d.<\/p>\n\n\n\n<figure class=\"wp-block-embed is-type-rich is-provider-twitter wp-block-embed-twitter\"><div class=\"wp-block-embed__wrapper\">\n<div class=\"twitter-tweet\"><blockquote class=\"twitter-tweet\" data-lang=\"es\"><p lang=\"es\" dir=\"ltr\">Tras Operaci\u00f3n Sable, Seguridad P\u00fablica de Juchit\u00e1n queda a cargo de la Polic\u00eda Estatal de la SSPC, con apoyo de la DEFENSA, SEMAR y Guardia Nacional: Fiscal\u00eda de Oaxaca<br>*Llevan a 218 polic\u00edas municipales de Juchit\u00e1n a ex\u00e1menes de control de confianza para certificaci\u00f3n<br><br>Oaxaca\u2026 <a href=\"https:\/\/t.co\/5O1C6FWAo8\">pic.twitter.com\/5O1C6FWAo8<\/a><\/p>&mdash; Fiscal\u00eda General (@FISCALIA_GobOax) <a href=\"https:\/\/twitter.com\/FISCALIA_GobOax\/status\/1937264773214929148?ref_src=twsrc%5Etfw\">23 de junio de 2025<\/a><\/blockquote><\/div>\n<\/div><\/figure>\n","protected":false},"excerpt":{"rendered":"<p>Raymundo Morales\/Zona Roja. Oaxaca, Oax., a 23 de junio de 2025.- Luego del operativo federal&hellip;<\/p>\n","protected":false},"author":2,"featured_media":81668,"comment_status":"closed","ping_status":"open","sticky":false,"template":"","format":"standard","meta":{"_lmt_disableupdate":"","_lmt_disable":"","_jetpack_memberships_contains_paid_content":false,"footnotes":""},"categories":[109,47],"tags":[494,123],"class_list":["post-81667","post","type-post","status-publish","format-standard","has-post-thumbnail","hentry","category-minuto-a-minuto","category-zona-gris","tag-fiscalia-general-del-estado-de-oaxaca","tag-juchitan-de-zaragoza"],"jetpack_featured_media_url":"https:\/\/zonaroja.com.mx\/wp-content\/uploads\/2025\/06\/Policia-municipal-Juchitan.jpg","jetpack_sharing_enabled":true,"_links":{"self":[{"href":"https:\/\/zonaroja.com.mx\/index.php?rest_route=\/wp\/v2\/posts\/81667","targetHints":{"allow":["GET"]}}],"collection":[{"href":"https:\/\/zonaroja.com.mx\/index.php?rest_route=\/wp\/v2\/posts"}],"about":[{"href":"https:\/\/zonaroja.com.mx\/index.php?rest_route=\/wp\/v2\/types\/post"}],"author":[{"embeddable":true,"href":"https:\/\/zonaroja.com.mx\/index.php?rest_route=\/wp\/v2\/users\/2"}],"replies":[{"embeddable":true,"href":"https:\/\/zonaroja.com.mx\/index.php?rest_route=%2Fwp%2Fv2%2Fcomments&post=81667"}],"version-history":[{"count":1,"href":"https:\/\/zonaroja.com.mx\/index.php?rest_route=\/wp\/v2\/posts\/81667\/revisions"}],"predecessor-version":[{"id":81669,"href":"https:\/\/zonaroja.com.mx\/index.php?rest_route=\/wp\/v2\/posts\/81667\/revisions\/81669"}],"wp:featuredmedia":[{"embeddable":true,"href":"https:\/\/zonaroja.com.mx\/index.php?rest_route=\/wp\/v2\/media\/81668"}],"wp:attachment":[{"href":"https:\/\/zonaroja.com.mx\/index.php?rest_route=%2Fwp%2Fv2%2Fmedia&parent=81667"}],"wp:term":[{"taxonomy":"category","embeddable":true,"href":"https:\/\/zonaroja.com.mx\/index.php?rest_route=%2Fwp%2Fv2%2Fcategories&post=81667"},{"taxonomy":"post_tag","embeddable":true,"href":"https:\/\/zonaroja.com.mx\/index.php?rest_route=%2Fwp%2Fv2%2Ftags&post=81667"}],"curies":[{"name":"wp","href":"https:\/\/api.w.org\/{rel}","templated":true}]}}