{"id":81670,"date":"2025-06-23T22:19:20","date_gmt":"2025-06-24T04:19:20","guid":{"rendered":"https:\/\/zonaroja.com.mx\/?p=81670"},"modified":"2025-06-23T22:19:22","modified_gmt":"2025-06-24T04:19:22","slug":"comunidad-lgbtt-exige-presupuesto-para-poblacion-de-la-diversidad-sexual","status":"publish","type":"post","link":"https:\/\/zonaroja.com.mx\/?p=81670","title":{"rendered":"Comunidad LGBTT exige presupuesto para poblaci\u00f3n de la diversidad sexual"},"content":{"rendered":"\n<p>Lisbeth Mej\u00eda Reyes\/Zona Roja.<\/p>\n\n\n\n<p>Oaxaca, Oax., a 23 de junio de 2025.- Representantes de colectivos LGBTTIQ+ exigieron al gobierno de Oaxaca y al Congreso local destinar una partida espec\u00edfica en el Presupuesto de Egresos 2026 para garantizar los derechos humanos de al menos 211 mil personas (Inegi, 2021) que se identifican en estas poblaciones en el estado, tal como lo resolvi\u00f3 el juez octavo de distrito en el juicio de amparo 117\/2025.<\/p>\n\n\n\n<p>Este lunes, representantes de los colectivos Aut\u00e9nticas Intr\u00e9pidas Buscadoras de Peligro, Amicus DH y Trans Difusi\u00f3n se\u00f1alaron que la resoluci\u00f3n es de car\u00e1cter obligatorio.&nbsp;<\/p>\n\n\n\n<p>Sin embargo, a\u00fan no es acatada por el Ejecutivo estatal ni por el Poder Legislativo, pues ambos han interpuesto recursos de revisi\u00f3n. Ahora, queda esperar la resoluci\u00f3n de la siguiente instancia: el Tribunal Colegiado, para que ratifique la sentencia e incluso dicte medidas m\u00e1s progresistas.<\/p>\n\n\n\n<p>Durante la presentaci\u00f3n de la sentencia de amparo, la activista Naomi M\u00e9ndez, de las Aut\u00e9nticas Intr\u00e9pidas Buscadoras de Peligro, se\u00f1al\u00f3 que en un estado como Oaxaca las personas LGBTTIQ+ han sufrido de discriminaci\u00f3n, falta de acceso a servicios de salud o han recibido un trato indigno, adem\u00e1s de enfrentar agresiones en distintos espacios, incluido el educativo.<\/p>\n\n\n\n<p>Las necesidades y problemas son varios y dependen de cada contexto, explic\u00f3 la activista, al se\u00f1alar que el amparo promovido a inicios de este a\u00f1o surgi\u00f3 de di\u00e1logos con personas de la diversidad sexual y de g\u00e9nero de las distintas regiones del estado. \u00abHay un presupuesto para tosa la poblaci\u00f3n, pero no lo hay exclusivamente para la poblaci\u00f3n LGBTTIQ+\u00bb, extern\u00f3.<\/p>\n\n\n\n<p>Los colectivos tambi\u00e9n externaron su preocupaci\u00f3n porque la sentencia no se acate a tiempo y con esto se queden sin una partida especial en el pr\u00f3ximo a\u00f1o, pues las autoridades estatales han comenzado con el proyecto de presupuesto de egresos.<\/p>\n\n\n\n<p>Contar con un presupuesto espec\u00edfico permitir\u00e1 en primera instancia emprender programas para conocer los problemas y las necesidades de la poblaci\u00f3n LGBTTIQ+, saber cu\u00e1ntas personas se identifican como lesbianas, gays, bisexuales, transexuales, transg\u00e9nero, entre otras, explicaron.&nbsp;<\/p>\n\n\n\n<p>Adem\u00e1s, para implementar medidas y programas que garanticen sus derechos humanos y una vida libre de violencias, pues la entidad es tambi\u00e9n una de las 10 con m\u00e1s casos de transfeminicidios o cr\u00edmenes de odio, explicaron.<\/p>\n","protected":false},"excerpt":{"rendered":"<p>Lisbeth Mej\u00eda Reyes\/Zona Roja. Oaxaca, Oax., a 23 de junio de 2025.- Representantes de colectivos&hellip;<\/p>\n","protected":false},"author":2,"featured_media":81671,"comment_status":"closed","ping_status":"open","sticky":false,"template":"","format":"standard","meta":{"_lmt_disableupdate":"","_lmt_disable":"","_jetpack_memberships_contains_paid_content":false,"footnotes":""},"categories":[109,47],"tags":[],"class_list":["post-81670","post","type-post","status-publish","format-standard","has-post-thumbnail","hentry","category-minuto-a-minuto","category-zona-gris"],"jetpack_featured_media_url":"https:\/\/zonaroja.com.mx\/wp-content\/uploads\/2025\/06\/Conferencia-comunidad-LGTB-diversidad-sexual.jpg","jetpack_sharing_enabled":true,"_links":{"self":[{"href":"https:\/\/zonaroja.com.mx\/index.php?rest_route=\/wp\/v2\/posts\/81670","targetHints":{"allow":["GET"]}}],"collection":[{"href":"https:\/\/zonaroja.com.mx\/index.php?rest_route=\/wp\/v2\/posts"}],"about":[{"href":"https:\/\/zonaroja.com.mx\/index.php?rest_route=\/wp\/v2\/types\/post"}],"author":[{"embeddable":true,"href":"https:\/\/zonaroja.com.mx\/index.php?rest_route=\/wp\/v2\/users\/2"}],"replies":[{"embeddable":true,"href":"https:\/\/zonaroja.com.mx\/index.php?rest_route=%2Fwp%2Fv2%2Fcomments&post=81670"}],"version-history":[{"count":1,"href":"https:\/\/zonaroja.com.mx\/index.php?rest_route=\/wp\/v2\/posts\/81670\/revisions"}],"predecessor-version":[{"id":81672,"href":"https:\/\/zonaroja.com.mx\/index.php?rest_route=\/wp\/v2\/posts\/81670\/revisions\/81672"}],"wp:featuredmedia":[{"embeddable":true,"href":"https:\/\/zonaroja.com.mx\/index.php?rest_route=\/wp\/v2\/media\/81671"}],"wp:attachment":[{"href":"https:\/\/zonaroja.com.mx\/index.php?rest_route=%2Fwp%2Fv2%2Fmedia&parent=81670"}],"wp:term":[{"taxonomy":"category","embeddable":true,"href":"https:\/\/zonaroja.com.mx\/index.php?rest_route=%2Fwp%2Fv2%2Fcategories&post=81670"},{"taxonomy":"post_tag","embeddable":true,"href":"https:\/\/zonaroja.com.mx\/index.php?rest_route=%2Fwp%2Fv2%2Ftags&post=81670"}],"curies":[{"name":"wp","href":"https:\/\/api.w.org\/{rel}","templated":true}]}}