{"id":81676,"date":"2025-06-24T08:16:00","date_gmt":"2025-06-24T14:16:00","guid":{"rendered":"https:\/\/zonaroja.com.mx\/?p=81676"},"modified":"2025-06-24T07:20:18","modified_gmt":"2025-06-24T13:20:18","slug":"ante-mision-civil-de-observacion-eloxochitlan-denuncia-persecucion","status":"publish","type":"post","link":"https:\/\/zonaroja.com.mx\/?p=81676","title":{"rendered":"Ante Misi\u00f3n Civil de Observaci\u00f3n, Eloxochitl\u00e1n denuncia persecuci\u00f3n\u00a0"},"content":{"rendered":"\n<p>Raymundo Morales\/Zona Roja.<\/p>\n\n\n\n<p>Oaxaca, Oax., a 24 de junio de 2024.- Una Misi\u00f3n de Observaci\u00f3n Civil acudi\u00f3 a Eloxochitl\u00e1n de Flores Mag\u00f3n, donde recab\u00f3 testimonios de la persecuci\u00f3n judicial en contra de activistas, principalmente mujeres.<\/p>\n\n\n\n<p>Durante los d\u00edas 20, 21 y 22 de junio, 35 personas observadoras de diversas organizaciones de la sociedad civil y colectividades dialogaron y documentaron las voces y denuncias que habitantes de esta comunidad mazateca atraviesan ante la criminalizaci\u00f3n y persecuci\u00f3n judicial con m\u00e1s de 200 \u00f3rdenes de aprehensi\u00f3n contra 56 personas.<\/p>\n\n\n\n<p>\u201cEsta misi\u00f3n representa un parteaguas para la lucha de la comunidad, al ser el primer paso de lo que ser\u00e1 un trabajo a largo plazo para documentar las graves violaciones a los derechos humanos cometidas contra hombres, mujeres, juventudes, ni\u00f1eces y personas adultas mayores.<\/p>\n\n\n\n<p>\u00abDesde esta primera Misi\u00f3n se ha podido constatar faltas al debido proceso, desplazamiento forzado, tortura, prisi\u00f3n injustificada, detenciones arbitrarias y un clima de constante miedo y hostigamiento que ha puesto en riesgo la vida, la integridad f\u00edsica y la libertad de quienes han reivindicado su derecho a defender la autonom\u00eda y el territorio\u201d se\u00f1alaron en su comunicado conjunto.<\/p>\n\n\n\n<p>Durante esta primera visita, las y los observadores visitaron tres barrios distintos donde se realizaron entrevistas profundas con 30 personas de la comunidad, entre ellos, expresos pol\u00edticos, perseguidos, familiares de personas criminalizadas y desplazadas, autoridades tradicionales y mujeres organizadas. Tambi\u00e9n visitaron el r\u00edo \u201cXang\u00e1 Nd\u00e1 Ge\u201d, donde registraron y confirmaron los da\u00f1os al r\u00edo por la extracci\u00f3n de material p\u00e9treo y se tomaron las primeras muestras de agua para su an\u00e1lisis.<\/p>\n\n\n\n<p>Los y las integrantes detallaron que en base a la sistematizaci\u00f3n, an\u00e1lisis y documentaci\u00f3n de este primer momento de la Misi\u00f3n, se dar\u00e1 pie a un primer informe multidisciplinario que se trabajar\u00e1 desde la comunidad y organizaciones participantes, para despu\u00e9s presentarlo directamente a estancias del gobierno tanto a nivel local como federal, pues se\u00f1alan que hasta el momento sigue persistiendo la omisi\u00f3n y dilaci\u00f3n de autoridades mexicanas de los tres niveles de gobierno ante ese contexto violento contra habitantes de la comunidad.<\/p>\n\n\n\n<p>Asimismo anunciaron la segunda fase de la Misi\u00f3n de Observaci\u00f3n para el mes de noviembre \u201cAnte la magnitud de las violencias y el dolor colectivo, hay tanto que documentar que&nbsp; resulta urgente que m\u00e1s medios y defensores se sumen a la labor de investigaci\u00f3n, documentaci\u00f3n y acompa\u00f1amiento\u201d.<\/p>\n\n\n\n<p>(Con informaci\u00f3n de Educa Oaxaca)<\/p>\n","protected":false},"excerpt":{"rendered":"<p>Raymundo Morales\/Zona Roja. Oaxaca, Oax., a 24 de junio de 2024.- Una Misi\u00f3n de Observaci\u00f3n&hellip;<\/p>\n","protected":false},"author":2,"featured_media":81677,"comment_status":"closed","ping_status":"open","sticky":false,"template":"","format":"standard","meta":{"_lmt_disableupdate":"","_lmt_disable":"","_jetpack_memberships_contains_paid_content":false,"footnotes":""},"categories":[109,47],"tags":[719],"class_list":["post-81676","post","type-post","status-publish","format-standard","has-post-thumbnail","hentry","category-minuto-a-minuto","category-zona-gris","tag-eloxochitlan-de-flores-magon"],"jetpack_featured_media_url":"https:\/\/zonaroja.com.mx\/wp-content\/uploads\/2025\/06\/Activistas-Eloxochitlan.jpeg","jetpack_sharing_enabled":true,"_links":{"self":[{"href":"https:\/\/zonaroja.com.mx\/index.php?rest_route=\/wp\/v2\/posts\/81676","targetHints":{"allow":["GET"]}}],"collection":[{"href":"https:\/\/zonaroja.com.mx\/index.php?rest_route=\/wp\/v2\/posts"}],"about":[{"href":"https:\/\/zonaroja.com.mx\/index.php?rest_route=\/wp\/v2\/types\/post"}],"author":[{"embeddable":true,"href":"https:\/\/zonaroja.com.mx\/index.php?rest_route=\/wp\/v2\/users\/2"}],"replies":[{"embeddable":true,"href":"https:\/\/zonaroja.com.mx\/index.php?rest_route=%2Fwp%2Fv2%2Fcomments&post=81676"}],"version-history":[{"count":1,"href":"https:\/\/zonaroja.com.mx\/index.php?rest_route=\/wp\/v2\/posts\/81676\/revisions"}],"predecessor-version":[{"id":81678,"href":"https:\/\/zonaroja.com.mx\/index.php?rest_route=\/wp\/v2\/posts\/81676\/revisions\/81678"}],"wp:featuredmedia":[{"embeddable":true,"href":"https:\/\/zonaroja.com.mx\/index.php?rest_route=\/wp\/v2\/media\/81677"}],"wp:attachment":[{"href":"https:\/\/zonaroja.com.mx\/index.php?rest_route=%2Fwp%2Fv2%2Fmedia&parent=81676"}],"wp:term":[{"taxonomy":"category","embeddable":true,"href":"https:\/\/zonaroja.com.mx\/index.php?rest_route=%2Fwp%2Fv2%2Fcategories&post=81676"},{"taxonomy":"post_tag","embeddable":true,"href":"https:\/\/zonaroja.com.mx\/index.php?rest_route=%2Fwp%2Fv2%2Ftags&post=81676"}],"curies":[{"name":"wp","href":"https:\/\/api.w.org\/{rel}","templated":true}]}}