{"id":81691,"date":"2025-06-24T08:14:15","date_gmt":"2025-06-24T14:14:15","guid":{"rendered":"https:\/\/zonaroja.com.mx\/?p=81691"},"modified":"2025-06-24T08:14:16","modified_gmt":"2025-06-24T14:14:16","slug":"opinion-los-otros-huracanes","status":"publish","type":"post","link":"https:\/\/zonaroja.com.mx\/?p=81691","title":{"rendered":"Opini\u00f3n. Los otros huracanes"},"content":{"rendered":"\n<p>Isidoro Yescas*<\/p>\n\n\n\n<p>1.&nbsp;Si bien es cierto que&nbsp;los fuertes e intensos vientos y&nbsp;lluvias&nbsp;del&nbsp;hurac\u00e1n \u201cErick\u201d&nbsp;que atravesaron&nbsp;las regiones de la Costa, Sierra Sur e Istmo,&nbsp;no&nbsp;se tradujeron&nbsp;en la p\u00e9rdida de vidas humanas (con sus excepciones),&nbsp;los da\u00f1os en las construcciones destinadas a casas-habitaci\u00f3n, restaurantes y otros negocios familiares, as\u00ed como&nbsp;a la infraestructura carretera, resultaron cuantiosos.<\/p>\n\n\n\n<p>Superada la etapa cr\u00edtica, lo que ahora sigue son los trabajos de reconstrucci\u00f3n&nbsp;y &nbsp;de&nbsp;apoyo econ\u00f3mico &nbsp;y material a la poblaci\u00f3n damnificada, tarea ya anunciada por la Presidenta de la Rep\u00fablica, Claudia Sheinbaum.<\/p>\n\n\n\n<p>Sin embargo, y a partir&nbsp;de otros desastres naturales ocurridos en la entidad&nbsp;(el hurac\u00e1n \u201cAgatha\u201d, como el referente m\u00e1s inmediato) ser\u00e1 indispensable cuidar del destino y administraci\u00f3n de &nbsp;todos los recursos econ\u00f3micos y programas sociales emergentes que fluyan del gobierno federal.&nbsp;<\/p>\n\n\n\n<p>La larga e interminable historia de rapi\u00f1a, fraudes y uso pol\u00edtico&nbsp;y &nbsp;electorero de estos apoyos por parte de funcionarios municipales, estatales y federales, y no se diga de empresas privadas del ramo de la construcci\u00f3n, no debieran repetirse ahora.&nbsp;<\/p>\n\n\n\n<p>Es importante, sin duda, que los gobiernos de todos los niveles cumplan con su deber de apoyar a la poblaci\u00f3n damnificada, pero cuando quienes llaman a la solidaridad ciudadana &nbsp;&nbsp;y montan&nbsp;escenograf\u00edas&nbsp;telenovelescas&nbsp;en comunidades damnificadas terminan por ser&nbsp;los mismos que desde el Poder Ejecutivo y Legislativo han institucionalizado el saqueo de las arcas p\u00fablicas&nbsp;y agraviado a la sociedad, entonces queda la duda si sus acciones son de&nbsp;buena voluntad o un recurso m\u00e1s para hacer politiquer\u00eda&nbsp;a costa&nbsp;de&nbsp;las necesidades de la gente y de&nbsp;una ciudadan\u00eda colaborativa.&nbsp;<\/p>\n\n\n\n<p>2.&nbsp;La desaparici\u00f3n de poderes en el municipio de usos y costumbres&nbsp;(SNI)&nbsp;de Zapotitl\u00e1n de las Palmas, en la regi\u00f3n de la Mixteca, es un claro ejemplo de esa politiquer\u00eda, de &nbsp;abuso de poder, de c\u00f3mo para deshacerse de una presidenta municipal&nbsp;inc\u00f3moda y dejar en el aire la no entrega &nbsp;de 24 millones de pesos de&nbsp;los ramos 28 y 33&nbsp;(\u201cLa Jornada\u201d,&nbsp;junio 20 del 20215),&nbsp;el gobierno morenista &nbsp;primaveral, a trav\u00e9s de esa oficial\u00eda de partes denominada Congreso local,&nbsp;recurri\u00f3 al viejo expediente del ajuste de cuentas pol\u00edtico para que &nbsp;la Secretar\u00eda de Gobierno imponga a un administrador o administradora a modo para as\u00ed cargarle a la &nbsp;presidenta municipal In\u00e9s&nbsp;Mart\u00ednez&nbsp;Reyes y su Cabildo depuesto la responsabilidad de la desaparici\u00f3n de los 24 millones de pesos (y de paso continuar esquilmando los recursos federales etiquetados a este municipio ind\u00edgena).<\/p>\n\n\n\n<p>3.&nbsp;Y a la galopante corrupci\u00f3n que por todos lados exhibe&nbsp;y&nbsp;exuda&nbsp;la&nbsp;estructura de poder primaveral, hay que sumar tambi\u00e9n la inseguridad y violencia, generalmente asociada al crimen organizado, que se ha agudizado en el municipio de Juchit\u00e1n de Zaragoza.&nbsp;<\/p>\n\n\n\n<p>El&nbsp;fen\u00f3meno&nbsp;no es reciente, y viene de varios sexenios y administraciones municipales atr\u00e1s, pero&nbsp;desde que el poder municipal se convirti\u00f3 en una extensi\u00f3n del modus operandi de los c\u00e1rteles locales, &nbsp;al extremo&nbsp;de &nbsp;financiar&nbsp;campa\u00f1as&nbsp;electorales y participar del reparto de importantes cargos, sobre todo en el \u00e1rea de seguridad p\u00fablica, ya&nbsp;la cotidianidad en&nbsp;los robos, secuestros&nbsp;y ejecuciones han colocado a este municipio como uno de los m\u00e1s inseguros y violentos de la regi\u00f3n del Istmo.<\/p>\n\n\n\n<p>Pasivos, incapaces o c\u00f3mplices de esta descomposici\u00f3n social, la nueva clase pol\u00edtica primaveral poco o nada hab\u00eda hecho para&nbsp;por lo menos simular que Juchit\u00e1n tambi\u00e9n es Oaxaca y que vivimos en el s\u00e9ptimo estado m\u00e1s seguro del pa\u00eds.&nbsp;<\/p>\n\n\n\n<p>Y en d\u00edas recientes, tuvo que ser el gobierno federal quien volviera a voltear hacia este bello municipio zapoteco para realizar algunas detenciones de polic\u00edas municipales y as\u00ed evidenciar que el enemigo tambi\u00e9n est\u00e1&nbsp;adentro\u2026.del Palacio Municipal.<\/p>\n\n\n\n<p>*Maestro en sociolog\u00eda y periodista.<\/p>\n\n\n\n<p>X:&nbsp;@YescasIsidoro<\/p>\n","protected":false},"excerpt":{"rendered":"<p>Isidoro Yescas* 1.&nbsp;Si bien es cierto que&nbsp;los fuertes e intensos vientos y&nbsp;lluvias&nbsp;del&nbsp;hurac\u00e1n \u201cErick\u201d&nbsp;que atravesaron&nbsp;las regiones&hellip;<\/p>\n","protected":false},"author":2,"featured_media":78328,"comment_status":"closed","ping_status":"open","sticky":false,"template":"","format":"standard","meta":{"_lmt_disableupdate":"","_lmt_disable":"","_jetpack_memberships_contains_paid_content":false,"footnotes":""},"categories":[456,109],"tags":[3998],"class_list":["post-81691","post","type-post","status-publish","format-standard","has-post-thumbnail","hentry","category-columna","category-minuto-a-minuto","tag-isidoro-yescas-martinez"],"jetpack_featured_media_url":"https:\/\/zonaroja.com.mx\/wp-content\/uploads\/2025\/03\/Isidoro-Yescas-Martinez.jpg","jetpack_sharing_enabled":true,"_links":{"self":[{"href":"https:\/\/zonaroja.com.mx\/index.php?rest_route=\/wp\/v2\/posts\/81691","targetHints":{"allow":["GET"]}}],"collection":[{"href":"https:\/\/zonaroja.com.mx\/index.php?rest_route=\/wp\/v2\/posts"}],"about":[{"href":"https:\/\/zonaroja.com.mx\/index.php?rest_route=\/wp\/v2\/types\/post"}],"author":[{"embeddable":true,"href":"https:\/\/zonaroja.com.mx\/index.php?rest_route=\/wp\/v2\/users\/2"}],"replies":[{"embeddable":true,"href":"https:\/\/zonaroja.com.mx\/index.php?rest_route=%2Fwp%2Fv2%2Fcomments&post=81691"}],"version-history":[{"count":1,"href":"https:\/\/zonaroja.com.mx\/index.php?rest_route=\/wp\/v2\/posts\/81691\/revisions"}],"predecessor-version":[{"id":81692,"href":"https:\/\/zonaroja.com.mx\/index.php?rest_route=\/wp\/v2\/posts\/81691\/revisions\/81692"}],"wp:featuredmedia":[{"embeddable":true,"href":"https:\/\/zonaroja.com.mx\/index.php?rest_route=\/wp\/v2\/media\/78328"}],"wp:attachment":[{"href":"https:\/\/zonaroja.com.mx\/index.php?rest_route=%2Fwp%2Fv2%2Fmedia&parent=81691"}],"wp:term":[{"taxonomy":"category","embeddable":true,"href":"https:\/\/zonaroja.com.mx\/index.php?rest_route=%2Fwp%2Fv2%2Fcategories&post=81691"},{"taxonomy":"post_tag","embeddable":true,"href":"https:\/\/zonaroja.com.mx\/index.php?rest_route=%2Fwp%2Fv2%2Ftags&post=81691"}],"curies":[{"name":"wp","href":"https:\/\/api.w.org\/{rel}","templated":true}]}}