{"id":81696,"date":"2025-06-24T19:04:23","date_gmt":"2025-06-25T01:04:23","guid":{"rendered":"https:\/\/zonaroja.com.mx\/?p=81696"},"modified":"2025-06-24T19:04:26","modified_gmt":"2025-06-25T01:04:26","slug":"asesinan-a-una-pareja-en-el-istmo-y-a-un-individuo-en-la-costa","status":"publish","type":"post","link":"https:\/\/zonaroja.com.mx\/?p=81696","title":{"rendered":"Asesinan a una pareja en el Istmo y a un individuo en la Costa"},"content":{"rendered":"\n<p>Raymundo Morales\/Zona Roja.<\/p>\n\n\n\n<p>Oaxaca, Oax., a 24 de junio de 2025.- Un hombre y una mujer fueron asesinados a balazos en la regi\u00f3n del Istmo de Tehuantepec.<\/p>\n\n\n\n<p>Los cuerpos fueron localizados este martes a un costado de la cartera Trans\u00edstmica, tramo Mat\u00edas Romero-Palomanres, a la altura de la localidad de Vixidu, perteneciente al municipio de San Juan Guichicovi.<\/p>\n\n\n\n<p>Hasta el momento las v\u00edctimas no han sido identificadas y, seg\u00fan los reportes policiacos, presentan impactos de arma de fuego en el cuerpo. Personal de la Vicefiscal\u00eda Regional del Istmo, de la Fiscal\u00eda General del Estado de Oaxaca, realiza las indagatorias para la identificaci\u00f3n de los cuerpos y de los probables agresores.<\/p>\n\n\n\n<p>Por otra parte, la tarde de ayer en el municipio de Santiago Jamiltepec, regi\u00f3n de la Costa, fue ultimada a balazos una persona del sexo masculino.<\/p>\n\n\n\n<p>El cuerpo fue hallado a un costado de la carretera federal 200 y fue identificado como German V.; seg\u00fan los primeros datos era de oficio mec\u00e1nico.<\/p>\n\n\n\n<p>Hasta el momento se desconoce tanto el m\u00f3vil del crimen como la identidad del o de los agresores, lo cual indaga la Vicefiscal\u00eda Regional de la Costa.<\/p>\n","protected":false},"excerpt":{"rendered":"<p>Raymundo Morales\/Zona Roja. Oaxaca, Oax., a 24 de junio de 2025.- Un hombre y una&hellip;<\/p>\n","protected":false},"author":2,"featured_media":81697,"comment_status":"closed","ping_status":"open","sticky":false,"template":"","format":"standard","meta":{"_lmt_disableupdate":"","_lmt_disable":"","_jetpack_memberships_contains_paid_content":false,"footnotes":""},"categories":[109,51],"tags":[699],"class_list":["post-81696","post","type-post","status-publish","format-standard","has-post-thumbnail","hentry","category-minuto-a-minuto","category-zona-roja","tag-san-juan-guichicovi"],"jetpack_featured_media_url":"https:\/\/zonaroja.com.mx\/wp-content\/uploads\/2025\/06\/Hombre-y-mujer-asesinados-carretera-Transistimica.jpg","jetpack_sharing_enabled":true,"_links":{"self":[{"href":"https:\/\/zonaroja.com.mx\/index.php?rest_route=\/wp\/v2\/posts\/81696","targetHints":{"allow":["GET"]}}],"collection":[{"href":"https:\/\/zonaroja.com.mx\/index.php?rest_route=\/wp\/v2\/posts"}],"about":[{"href":"https:\/\/zonaroja.com.mx\/index.php?rest_route=\/wp\/v2\/types\/post"}],"author":[{"embeddable":true,"href":"https:\/\/zonaroja.com.mx\/index.php?rest_route=\/wp\/v2\/users\/2"}],"replies":[{"embeddable":true,"href":"https:\/\/zonaroja.com.mx\/index.php?rest_route=%2Fwp%2Fv2%2Fcomments&post=81696"}],"version-history":[{"count":1,"href":"https:\/\/zonaroja.com.mx\/index.php?rest_route=\/wp\/v2\/posts\/81696\/revisions"}],"predecessor-version":[{"id":81698,"href":"https:\/\/zonaroja.com.mx\/index.php?rest_route=\/wp\/v2\/posts\/81696\/revisions\/81698"}],"wp:featuredmedia":[{"embeddable":true,"href":"https:\/\/zonaroja.com.mx\/index.php?rest_route=\/wp\/v2\/media\/81697"}],"wp:attachment":[{"href":"https:\/\/zonaroja.com.mx\/index.php?rest_route=%2Fwp%2Fv2%2Fmedia&parent=81696"}],"wp:term":[{"taxonomy":"category","embeddable":true,"href":"https:\/\/zonaroja.com.mx\/index.php?rest_route=%2Fwp%2Fv2%2Fcategories&post=81696"},{"taxonomy":"post_tag","embeddable":true,"href":"https:\/\/zonaroja.com.mx\/index.php?rest_route=%2Fwp%2Fv2%2Ftags&post=81696"}],"curies":[{"name":"wp","href":"https:\/\/api.w.org\/{rel}","templated":true}]}}