{"id":81699,"date":"2025-06-24T19:31:01","date_gmt":"2025-06-25T01:31:01","guid":{"rendered":"https:\/\/zonaroja.com.mx\/?p=81699"},"modified":"2025-06-24T19:33:19","modified_gmt":"2025-06-25T01:33:19","slug":"maroma-la-tradicion-de-pueblos-indigenas-es-llevada-al-teatro","status":"publish","type":"post","link":"https:\/\/zonaroja.com.mx\/?p=81699","title":{"rendered":"\u00abMaroma\u00bb, la tradici\u00f3n de pueblos ind\u00edgenas es llevada al teatro\u00a0"},"content":{"rendered":"\n<p>Lisbeth Mej\u00eda Reyes\/Zona Roja.<\/p>\n\n\n\n<p>Oaxaca, Oax., a 24 de junio de 2025.-\u00a0La Direcci\u00f3n General de Culturas Populares la llama maroma o circo campesino, aunque especialistas, como la investigadora franco-mexicana Charlotte Pescayre, se\u00f1alan que la maroma y el circo son distintos, por lo que no se le puede denominar circo comunitario o ind\u00edgena.\u00a0<\/p>\n\n\n\n<p>La maroma, apunta la investigadora, es m\u00e1s \u00abuna danza o un juego\u201d con un sentido ritual o de espect\u00e1culo y que generalmente se presenta en ocasiones especie las comunidades, como las festividades religiosas o durante los carnavales.&nbsp;<\/p>\n\n\n\n<p>El coraz\u00f3n de la maroma, explicaba a prop\u00f3sito del Tercer Encuentro Nacional de Maromeros en 2022, \u201ces la danza de maromeros y su respectiva banda de viento\u201d.&nbsp;<\/p>\n\n\n\n<p>Para Rey David Sanjuan Zamora, esta tradici\u00f3n que comparten pueblos de la mixteca de Oaxaca y de Puebla, as\u00ed como de otras regiones estados, no es \u00abni circo, ni teatro\u00bb sino maroma. De ah\u00ed el nombre del libro que present\u00f3 en 2023 en la ciudad de Oaxaca.<\/p>\n\n\n\n<p>Quiz\u00e1 la discusi\u00f3n sobre qu\u00e9 es o no la maroma siga, aunque tambi\u00e9n las reflexiones sobre su preservaci\u00f3n y posible desaparici\u00f3n. Y es esto \u00faltimo lo que ha llevado a la compa\u00f1\u00eda \u201cIdiotas Teatro\u201d a presentar una obra inspirada en esta expresi\u00f3n de los pueblos ind\u00edgenas.<\/p>\n\n\n\n<p>\u00bfCU\u00c1NDO?<\/p>\n\n\n\n<p>La compa\u00f1\u00eda estrenar\u00e1 el pr\u00f3ximo 19 de julio la obra \u00abMaroma\u00bb en el espacio cultural Ex Hacienda San Jos\u00e9, en el municipio de Santa Mar\u00eda Atzompa. Ah\u00ed ofrecer\u00e1 funciones dobles los d\u00edas 19, 20, 26 y 27 del mes.<\/p>\n\n\n\n<p>\u00abMaroma\u00bb es una obra con gui\u00f3n de Fernando Reyes Reyes y la direcci\u00f3n esc\u00e9nica de Cristian David y Fernando Reyes Reyes. Tambi\u00e9n cuenta con la colaboraci\u00f3n art\u00edstica del artista pl\u00e1stico Sergio Hern\u00e1ndez y en la composici\u00f3n musical con Rub\u00e9n Luengas, de \u201cPasatono\u201d Orquesta. De acuerdo con la compa\u00f1\u00eda, su realizaci\u00f3n es resultado de una investigaci\u00f3n de varios a\u00f1os junto con \u201cPasatono\u201d.<\/p>\n\n\n\n<p>&nbsp;\u00abDesde su llegada al recinto, los espectadores son transportados a un mundo m\u00e1gico, et\u00e9reo y po\u00e9tico. La m\u00fasica original en vivo de \u2018Pasatono\u2019 Orquesta, compuesta e interpretada por diez m\u00fasicos dirigidos por el maestro Rub\u00e9n &nbsp;Luengas, combina melod\u00edas atemporales, contempor\u00e1neas y sonoridades tradicionales \u2014violines, trompetas, percusiones, trombones \u2014 creando un paisaje sonoro vibrante y envolvente\u00bb, se\u00f1ala la compa\u00f1\u00eda.&nbsp;<\/p>\n\n\n\n<p>Seg\u00fan la Dirrecci\u00f3n General de Culturas Populares de M\u00e9xico, la maroma mixteca es una tradici\u00f3n que se populariz\u00f3 desde el siglo XIX. Compuesta por entre 8 y 12 personas, \u00abla maroma se presenta dentro de las festividades tradicionales de la comunidad y generalmente consiste en diferentes n\u00fameros acrob\u00e1ticos, muchos de ellos de alta peligrosidad, adem\u00e1s de contar con un versador o payaso que entretiene al p\u00fablico con sus ocurrentes versos\u00bb.<\/p>\n\n\n\n<figure class=\"wp-block-embed is-type-rich is-provider-twitter wp-block-embed-twitter\"><div class=\"wp-block-embed__wrapper\">\n<div class=\"twitter-tweet\"><blockquote class=\"twitter-tweet\" data-lang=\"es\"><p lang=\"es\" dir=\"ltr\">La Compa\u00f1\u00eda \u201cIdiotas Teatro\u201d, la <a href=\"https:\/\/twitter.com\/SECULTA_GobOax?ref_src=twsrc%5Etfw\">@SECULTA_GobOax<\/a> y la orquesta \u201cPasatono\u201d anunciaron hoy la presentaci\u00f3n de la obra \u201cMaroma!\u201d, basado en la tradici\u00f3n circense de diversas comunidades oaxaque\u00f1as.<br><br>Escuche los detalles: <a href=\"https:\/\/t.co\/c6aJE3ezsZ\">pic.twitter.com\/c6aJE3ezsZ<\/a><\/p>&mdash; Zona Roja Oaxaca (@ZonaRoja_Oaxaca) <a href=\"https:\/\/twitter.com\/ZonaRoja_Oaxaca\/status\/1937232695957860356?ref_src=twsrc%5Etfw\">23 de junio de 2025<\/a><\/blockquote><\/div>\n<\/div><\/figure>\n","protected":false},"excerpt":{"rendered":"<p>Lisbeth Mej\u00eda Reyes\/Zona Roja. Oaxaca, Oax., a 24 de junio de 2025.-\u00a0La Direcci\u00f3n General de&hellip;<\/p>\n","protected":false},"author":2,"featured_media":81689,"comment_status":"closed","ping_status":"open","sticky":false,"template":"","format":"standard","meta":{"_lmt_disableupdate":"","_lmt_disable":"","_jetpack_memberships_contains_paid_content":false,"footnotes":""},"categories":[109,46],"tags":[4345],"class_list":["post-81699","post","type-post","status-publish","format-standard","has-post-thumbnail","hentry","category-minuto-a-minuto","category-zona-blanca","tag-idiotas-teatro"],"jetpack_featured_media_url":"https:\/\/zonaroja.com.mx\/wp-content\/uploads\/2025\/06\/Conferencia-Idiotas-teatro-Maroma.jpg","jetpack_sharing_enabled":true,"_links":{"self":[{"href":"https:\/\/zonaroja.com.mx\/index.php?rest_route=\/wp\/v2\/posts\/81699","targetHints":{"allow":["GET"]}}],"collection":[{"href":"https:\/\/zonaroja.com.mx\/index.php?rest_route=\/wp\/v2\/posts"}],"about":[{"href":"https:\/\/zonaroja.com.mx\/index.php?rest_route=\/wp\/v2\/types\/post"}],"author":[{"embeddable":true,"href":"https:\/\/zonaroja.com.mx\/index.php?rest_route=\/wp\/v2\/users\/2"}],"replies":[{"embeddable":true,"href":"https:\/\/zonaroja.com.mx\/index.php?rest_route=%2Fwp%2Fv2%2Fcomments&post=81699"}],"version-history":[{"count":2,"href":"https:\/\/zonaroja.com.mx\/index.php?rest_route=\/wp\/v2\/posts\/81699\/revisions"}],"predecessor-version":[{"id":81701,"href":"https:\/\/zonaroja.com.mx\/index.php?rest_route=\/wp\/v2\/posts\/81699\/revisions\/81701"}],"wp:featuredmedia":[{"embeddable":true,"href":"https:\/\/zonaroja.com.mx\/index.php?rest_route=\/wp\/v2\/media\/81689"}],"wp:attachment":[{"href":"https:\/\/zonaroja.com.mx\/index.php?rest_route=%2Fwp%2Fv2%2Fmedia&parent=81699"}],"wp:term":[{"taxonomy":"category","embeddable":true,"href":"https:\/\/zonaroja.com.mx\/index.php?rest_route=%2Fwp%2Fv2%2Fcategories&post=81699"},{"taxonomy":"post_tag","embeddable":true,"href":"https:\/\/zonaroja.com.mx\/index.php?rest_route=%2Fwp%2Fv2%2Ftags&post=81699"}],"curies":[{"name":"wp","href":"https:\/\/api.w.org\/{rel}","templated":true}]}}