{"id":81702,"date":"2025-06-24T21:39:40","date_gmt":"2025-06-25T03:39:40","guid":{"rendered":"https:\/\/zonaroja.com.mx\/?p=81702"},"modified":"2025-06-24T21:39:43","modified_gmt":"2025-06-25T03:39:43","slug":"policias-delincuentes-en-juchitan-hay-dos-detenidos","status":"publish","type":"post","link":"https:\/\/zonaroja.com.mx\/?p=81702","title":{"rendered":"Polic\u00edas delincuentes en Juchit\u00e1n; hay dos detenidos"},"content":{"rendered":"\n<p>Raymundo Morales\/Zona Roja.&nbsp;<\/p>\n\n\n\n<p>Oaxaca, Oax., a 24 de junio de 2025.- La Fiscal\u00eda General del Estado de Oaxaca reconoci\u00f3 que la polic\u00eda municipal de Juchit\u00e1n de Zaragoza podr\u00eda estar infiltrada por el crimen organizado.<\/p>\n\n\n\n<p>Tras la \u201ctoma\u201d del cuartel policiaco y el centro de videovigilancia, los 218 elementos fueron enviados a ex\u00e1menes de control y confianza, mientras que dos fueron detenidos.<\/p>\n\n\n\n<p>Se trata de Nah\u00fam H. B., quien fung\u00eda como director del centro C2 y fue puesto a disposici\u00f3n por el delito contra la seguridad p\u00fablica, y Rey David M. L., uniformado al que se le hall\u00f3 droga.<\/p>\n\n\n\n<p>En conferencia de prensa, el fiscal General Bernardo Rodr\u00edguez Alamilla detall\u00f3 que durante el despliegue, el pasado s\u00e1bado, se realiz\u00f3 un an\u00e1lisis forense de extracci\u00f3n de datos, labores periciales y ministeriales en el C2, por lo que se descubri\u00f3 que las im\u00e1genes de video del sistema de monitoreo p\u00fablico se transmit\u00edan en espejo a personas no autorizadas.<\/p>\n\n\n\n<p>Por lo anterior, Nah\u00fam H.B. qued\u00f3 a disposici\u00f3n del Ministerio P\u00fablico y se realizan los trabajos ministeriales correspondientes por el delito de delito contra la Seguridad P\u00fablica, adem\u00e1s que se investiga qui\u00e9n o qui\u00e9nes eran las personas que recib\u00edan la se\u00f1al en espejo de las c\u00e1maras del C2.<\/p>\n\n\n\n<p>POLIC\u00cdA INFILTRADA<\/p>\n\n\n\n<p>Alamilla detall\u00f3 que, derivado de diferentes procesos de investigaci\u00f3n e inteligencia se determin\u00f3 que en polic\u00eda municipal, pero tambi\u00e9n en el tema del C2, de Juchit\u00e1n, hab\u00eda elementos que estaban siendo utilizados para favorecer actividades delincuenciales.<\/p>\n\n\n\n<p>Por ello se desarroll\u00f3 una intervenci\u00f3n integral coordinada con Guardia Nacional, la Secretar\u00eda de la Defensa Nacional, la Secretar\u00eda de Marina y la Polic\u00eda Estatal de la Secretar\u00eda de Seguridad y Protecci\u00f3n Ciudadana, que buscan generar condiciones de paz y tranquilidad para la comunidad.<\/p>\n\n\n\n<p>Rodr\u00edguez Alamilla resalt\u00f3 que tambi\u00e9n est\u00e1 en proceso de revista por parte de la Polic\u00eda Estatal, las armas y se verifica que cuenten con permisos adecuados, acciones en conjunto con la Secretar\u00eda de Defensa Nacional.<\/p>\n\n\n\n<p>Reiter\u00f3 que una vez concluidos los procesos de evaluaci\u00f3n &nbsp;y control de confianza de la polic\u00eda municipal se espera que la comunidad cuente con una corporaci\u00f3n de seguridad confiable.<\/p>\n\n\n\n<p>Pero adem\u00e1s, estas actividades van acompa\u00f1adas de una atenci\u00f3n integral como patrullajes continuos y filtros de revisi\u00f3n en zonas estrat\u00e9gicas del municipio, operativos de revisi\u00f3n al transporte p\u00fablico, as\u00ed como la identificaci\u00f3n pol\u00edgonos prioritarios con base en informaci\u00f3n de inteligencia criminal.<\/p>\n\n\n\n<p>A\u00f1adi\u00f3 que se estar\u00e1n realizando la supervisi\u00f3n de establecimientos comerciales y puntos de riesgo en coordinaci\u00f3n con autoridades ministeriales y corporaciones de seguridad estatales y federales y enfatiz\u00f3 que, en el caso de las dos tiendas de conveniencia que fueron incendiadas hay cuatro personas detenidas, y que pr\u00f3ximamente se informar\u00e1 sobre otras dos personas m\u00e1s.\u00a0<\/p>\n\n\n\n<figure class=\"wp-block-embed is-type-rich is-provider-twitter wp-block-embed-twitter\"><div class=\"wp-block-embed__wrapper\">\n<div class=\"twitter-tweet\"><blockquote class=\"twitter-tweet\" data-lang=\"es\"><p lang=\"es\" dir=\"ltr\">Toda la polic\u00eda municipal de Juchit\u00e1n de Zaragoza est\u00e1 \u201cconcentrada\u201d para practicarles los ex\u00e1menes de control y confianza. <br>Hay dos detenidos, el encargado del C-2 y otro uniformado al que se le encontr\u00f3 droga; el mando policiaco municipal lo tiene la Polic\u00eda Estatal. <br>Esto\u2026 <a href=\"https:\/\/t.co\/rNYhcavAok\">pic.twitter.com\/rNYhcavAok<\/a><\/p>&mdash; Zona Roja Oaxaca (@ZonaRoja_Oaxaca) <a href=\"https:\/\/twitter.com\/ZonaRoja_Oaxaca\/status\/1937527339602137359?ref_src=twsrc%5Etfw\">24 de junio de 2025<\/a><\/blockquote><\/div>\n<\/div><\/figure>\n","protected":false},"excerpt":{"rendered":"<p>Raymundo Morales\/Zona Roja.&nbsp; Oaxaca, Oax., a 24 de junio de 2025.- La Fiscal\u00eda General del&hellip;<\/p>\n","protected":false},"author":2,"featured_media":81703,"comment_status":"closed","ping_status":"open","sticky":false,"template":"","format":"standard","meta":{"_lmt_disableupdate":"","_lmt_disable":"","_jetpack_memberships_contains_paid_content":false,"footnotes":""},"categories":[109,46],"tags":[494],"class_list":["post-81702","post","type-post","status-publish","format-standard","has-post-thumbnail","hentry","category-minuto-a-minuto","category-zona-blanca","tag-fiscalia-general-del-estado-de-oaxaca"],"jetpack_featured_media_url":"https:\/\/zonaroja.com.mx\/wp-content\/uploads\/2025\/06\/Policia-detenido-Fiscalia-Oaxaca-Juchitan.jpeg","jetpack_sharing_enabled":true,"_links":{"self":[{"href":"https:\/\/zonaroja.com.mx\/index.php?rest_route=\/wp\/v2\/posts\/81702","targetHints":{"allow":["GET"]}}],"collection":[{"href":"https:\/\/zonaroja.com.mx\/index.php?rest_route=\/wp\/v2\/posts"}],"about":[{"href":"https:\/\/zonaroja.com.mx\/index.php?rest_route=\/wp\/v2\/types\/post"}],"author":[{"embeddable":true,"href":"https:\/\/zonaroja.com.mx\/index.php?rest_route=\/wp\/v2\/users\/2"}],"replies":[{"embeddable":true,"href":"https:\/\/zonaroja.com.mx\/index.php?rest_route=%2Fwp%2Fv2%2Fcomments&post=81702"}],"version-history":[{"count":1,"href":"https:\/\/zonaroja.com.mx\/index.php?rest_route=\/wp\/v2\/posts\/81702\/revisions"}],"predecessor-version":[{"id":81704,"href":"https:\/\/zonaroja.com.mx\/index.php?rest_route=\/wp\/v2\/posts\/81702\/revisions\/81704"}],"wp:featuredmedia":[{"embeddable":true,"href":"https:\/\/zonaroja.com.mx\/index.php?rest_route=\/wp\/v2\/media\/81703"}],"wp:attachment":[{"href":"https:\/\/zonaroja.com.mx\/index.php?rest_route=%2Fwp%2Fv2%2Fmedia&parent=81702"}],"wp:term":[{"taxonomy":"category","embeddable":true,"href":"https:\/\/zonaroja.com.mx\/index.php?rest_route=%2Fwp%2Fv2%2Fcategories&post=81702"},{"taxonomy":"post_tag","embeddable":true,"href":"https:\/\/zonaroja.com.mx\/index.php?rest_route=%2Fwp%2Fv2%2Ftags&post=81702"}],"curies":[{"name":"wp","href":"https:\/\/api.w.org\/{rel}","templated":true}]}}