{"id":81705,"date":"2025-06-24T22:09:28","date_gmt":"2025-06-25T04:09:28","guid":{"rendered":"https:\/\/zonaroja.com.mx\/?p=81705"},"modified":"2025-06-24T22:09:30","modified_gmt":"2025-06-25T04:09:30","slug":"alistan-donaji-la-leyenda-en-el-marco-de-la-guelaguetza","status":"publish","type":"post","link":"https:\/\/zonaroja.com.mx\/?p=81705","title":{"rendered":"Alistan \u201cDonaj\u00ed\u2026 La Leyenda\u201d, en el marco de la Guelaguetza"},"content":{"rendered":"\n<p>Redacci\u00f3n\/Zona Roja.<\/p>\n\n\n\n<p>Oaxaca, Oax., a 24 de junio de 2025.\u2013 De cara a las festividades de julio, Mes de la Guelaguetza, el presidente municipal de Oaxaca de Ju\u00e1rez, Ray Chagoya, present\u00f3 el espect\u00e1culo \u201cDonaj\u00ed\u2026 La Leyenda\u201d 2025 y el Festival de Culturas Vivas, dos eventos que reafirman el orgullo, la historia y la riqueza cultural.<\/p>\n\n\n\n<p>El edil capitalino subray\u00f3 que esta administraci\u00f3n impulsa con determinaci\u00f3n la cultura como un eje de desarrollo social y cohesi\u00f3n comunitaria.&nbsp;<\/p>\n\n\n\n<p>Se\u00f1al\u00f3 que estos eventos son reflejo del compromiso de acercar el arte, la historia y la tradici\u00f3n a todas las agencias municipales y a las y los habitantes de la ciudad.<\/p>\n\n\n\n<p>Durante su intervenci\u00f3n, el maestro Fernando Rosales, director del Ballet Folkl\u00f3rico de Oaxaca, resalt\u00f3 la trascendencia de \u201cDonaj\u00ed\u2026 La Leyenda\u201d como una puesta en escena que ha perdurado a lo largo de los a\u00f1os, preservando el esp\u00edritu de los pueblos originarios mediante una narrativa emotiva y visualmente impactante que honra nuestras ra\u00edces.<\/p>\n\n\n\n<p>\u201cDonaj\u00ed\u2026 La Leyenda\u201d se presentar\u00e1 los d\u00edas 20 y 27 de julio a las 20:00 horas en el auditorio \u201cGuelaguetza\u201d. La ciudadan\u00eda podr\u00e1 acceder de manera gratuita a los palcos C y D, mientras que los boletos para los palcos A y B ya est\u00e1n disponibles a trav\u00e9s del sistema Superboletos.<\/p>\n\n\n\n<p>En la misma conferencia de prensa tambi\u00e9n se present\u00f3 el Festival de Culturas Vivas, que ofrecer\u00e1 una cartelera diversa de actividades art\u00edsticas, musicales y de di\u00e1logo intercultural. Este encuentro cultural tendr\u00e1 como sede la agencia municipal de San Mart\u00edn Mexic\u00e1pam, con el objetivo de visibilizar y celebrar la diversidad que da vida a la capital oaxaque\u00f1a.<\/p>\n\n\n\n<p>Ambos eventos cuentan con el respaldo del Gobierno del Estado y la participaci\u00f3n de comunidades art\u00edsticas y vecinas y vecinos.<\/p>\n\n\n\n<figure class=\"wp-block-embed is-type-rich is-provider-twitter wp-block-embed-twitter\"><div class=\"wp-block-embed__wrapper\">\n<div class=\"twitter-tweet\"><blockquote class=\"twitter-tweet\" data-lang=\"es\"><p lang=\"es\" dir=\"ltr\">En el marco de la conferencia de prensa semanal, el presidente municipal de Oaxaca de Ju\u00e1rez, <a href=\"https:\/\/twitter.com\/raychagoya?ref_src=twsrc%5Etfw\">@raychagoya<\/a>, present\u00f3 \u201cDonaj\u00ed, la leyenda\u201d, espect\u00e1culo que forma parte de las fiestas de la <a href=\"https:\/\/twitter.com\/hashtag\/Guelaguetza2025?src=hash&amp;ref_src=twsrc%5Etfw\">#Guelaguetza2025<\/a>. <a href=\"https:\/\/t.co\/VCoKl6DYW1\">pic.twitter.com\/VCoKl6DYW1<\/a><\/p>&mdash; Zona Roja Oaxaca (@ZonaRoja_Oaxaca) <a href=\"https:\/\/twitter.com\/ZonaRoja_Oaxaca\/status\/1937579195086839940?ref_src=twsrc%5Etfw\">24 de junio de 2025<\/a><\/blockquote><\/div>\n<\/div><\/figure>\n","protected":false},"excerpt":{"rendered":"<p>Redacci\u00f3n\/Zona Roja. Oaxaca, Oax., a 24 de junio de 2025.\u2013 De cara a las festividades&hellip;<\/p>\n","protected":false},"author":2,"featured_media":81706,"comment_status":"closed","ping_status":"open","sticky":false,"template":"","format":"standard","meta":{"_lmt_disableupdate":"","_lmt_disable":"","_jetpack_memberships_contains_paid_content":false,"footnotes":""},"categories":[109,46],"tags":[148],"class_list":["post-81705","post","type-post","status-publish","format-standard","has-post-thumbnail","hentry","category-minuto-a-minuto","category-zona-blanca","tag-oaxaca-de-juarez"],"jetpack_featured_media_url":"https:\/\/zonaroja.com.mx\/wp-content\/uploads\/2025\/06\/Donaji-la-leyenda-edil-Oaxaca-de-Juarez.jpg","jetpack_sharing_enabled":true,"_links":{"self":[{"href":"https:\/\/zonaroja.com.mx\/index.php?rest_route=\/wp\/v2\/posts\/81705","targetHints":{"allow":["GET"]}}],"collection":[{"href":"https:\/\/zonaroja.com.mx\/index.php?rest_route=\/wp\/v2\/posts"}],"about":[{"href":"https:\/\/zonaroja.com.mx\/index.php?rest_route=\/wp\/v2\/types\/post"}],"author":[{"embeddable":true,"href":"https:\/\/zonaroja.com.mx\/index.php?rest_route=\/wp\/v2\/users\/2"}],"replies":[{"embeddable":true,"href":"https:\/\/zonaroja.com.mx\/index.php?rest_route=%2Fwp%2Fv2%2Fcomments&post=81705"}],"version-history":[{"count":1,"href":"https:\/\/zonaroja.com.mx\/index.php?rest_route=\/wp\/v2\/posts\/81705\/revisions"}],"predecessor-version":[{"id":81707,"href":"https:\/\/zonaroja.com.mx\/index.php?rest_route=\/wp\/v2\/posts\/81705\/revisions\/81707"}],"wp:featuredmedia":[{"embeddable":true,"href":"https:\/\/zonaroja.com.mx\/index.php?rest_route=\/wp\/v2\/media\/81706"}],"wp:attachment":[{"href":"https:\/\/zonaroja.com.mx\/index.php?rest_route=%2Fwp%2Fv2%2Fmedia&parent=81705"}],"wp:term":[{"taxonomy":"category","embeddable":true,"href":"https:\/\/zonaroja.com.mx\/index.php?rest_route=%2Fwp%2Fv2%2Fcategories&post=81705"},{"taxonomy":"post_tag","embeddable":true,"href":"https:\/\/zonaroja.com.mx\/index.php?rest_route=%2Fwp%2Fv2%2Ftags&post=81705"}],"curies":[{"name":"wp","href":"https:\/\/api.w.org\/{rel}","templated":true}]}}