{"id":81708,"date":"2025-06-25T07:15:00","date_gmt":"2025-06-25T13:15:00","guid":{"rendered":"https:\/\/zonaroja.com.mx\/?p=81708"},"modified":"2025-06-25T06:47:51","modified_gmt":"2025-06-25T12:47:51","slug":"asesinan-a-fotoperiodista-en-cuetzalan-puebla","status":"publish","type":"post","link":"https:\/\/zonaroja.com.mx\/?p=81708","title":{"rendered":"Asesinan a fotoperiodista en Cuetzalan, Puebla"},"content":{"rendered":"\n<p>Redacci\u00f3n\/Zona Roja Cdmx.<\/p>\n\n\n\n<p>Ciudad de M\u00e9xico, a 25 de junio de 2025.- El asesinato del periodista y fot\u00f3grafo Salom\u00f3n \u201cShalom\u201d Ord\u00f3\u00f1ez Miranda, perpetrado la noche del lunes 23 de junio en la comunidad de Pahpatapan, municipio de Cuetzalan del Progreso, en el estado de Puebla, fue condenado este martes por la organizaci\u00f3n Propuesta C\u00edvica, que defiende la libertad&nbsp;de expresi\u00f3n en M\u00e9xico y acompa\u00f1a a periodistas en riesgo por su labor.<\/p>\n\n\n\n<p>La ONG inform\u00f3 -en un comunicado- que Ord\u00f3\u00f1ez Miranda, quien fue fundador del medio digital \u201cShalom Cuetzalan Producciones\u201d y colaborador habitual en la cobertura de temas comunitarios y de seguridad, fue atacado con arma de fuego y falleci\u00f3 mientras esperaba atenci\u00f3n m\u00e9dica.<\/p>\n\n\n\n<p>Adem\u00e1s, la organizaci\u00f3n expres\u00f3 su solidaridad y condolencias a la familia y colegas del periodista y exhort\u00f3 a la Fiscal\u00eda Especial para la Atenci\u00f3n de Delitos cometidos contra la Libertad de Expresi\u00f3n (Feadle) y a la Fiscal\u00eda General del Estado de Puebla a coordinarse de manera efectiva, agotar todas las l\u00edneas de investigaci\u00f3n, incluida su labor informativa, y garantizar justicia pronta e imparcial.<\/p>\n\n\n\n<p>El asesinato de Ordo\u00f1ez Miranda se suma a la violencia contra periodistas en M\u00e9xico, donde al menos seis comunicadores han perdido la vida desde el 1 de octubre de 2024, cuando se inici\u00f3 el gobierno de la presidenta Claudia Sheinbaum, seg\u00fan la organizaci\u00f3n Art\u00edculo 19.<\/p>\n\n\n\n<p>De 2 mil a la fecha, Art\u00edculo 19 ha documentado 172 asesinatos de periodistas en M\u00e9xico, en posible relaci\u00f3n con su labor. El caso m\u00e1s reciente, antes de Ordo\u00f1ez Miranda, fue el Jos\u00e9 Carlos Gonz\u00e1lez Herrera, asesinado el pasado 15 de mayo en Guerrero.<\/p>\n\n\n\n<p>Del total de asesinatos registrados por Art\u00edculo 19, 47 ocurrieron en el gobierno del presidente Andr\u00e9s Manuel L\u00f3pez Obrador (2018-2024), 47 en el de Enrique Pe\u00f1a Nieto (2012-2018) y 48 en el sexenio de Felipe Calder\u00f3n (2006-2012).<\/p>\n\n\n\n<p>M\u00e9xico se mantiene como el pa\u00eds sin guerra m\u00e1s peligroso para ejercer el periodismo en Am\u00e9rica Latina, debido, principalmente, a la \u201ccreciente fragilidad de su ecosistema medi\u00e1tico\u201d, seg\u00fan el informe anual de Reporteros Sin Fronteras (RSF) publicado el pasado 1 de mayo.<\/p>\n\n\n\n<p>El pa\u00eds norteamericano se ubic\u00f3 en el lugar 124 de 180 pa\u00edses y territorios en la Clasificaci\u00f3n Mundial de la Libertad de Prensa, con lo que cay\u00f3 tres lugares respecto a la lista de 2024 en la que se ubic\u00f3 en el escalaf\u00f3n 121.<\/p>\n\n\n\n<p>Desde hace a\u00f1os, M\u00e9xico figura entre los pa\u00edses con m\u00e1s informadores asesinados en el mundo. RSF ha advertido que en los \u00faltimos a\u00f1os la colusi\u00f3n entre autoridades y el crimen organizado se ha convertido en una \u201cgrave amenaza\u201d contra los periodistas.&nbsp;<\/p>\n\n\n\n<p>(Con informaci\u00f3n de EFE, en L\u00f3pez-D\u00f3riga Digital)<\/p>\n","protected":false},"excerpt":{"rendered":"<p>Redacci\u00f3n\/Zona Roja Cdmx. Ciudad de M\u00e9xico, a 25 de junio de 2025.- El asesinato del&hellip;<\/p>\n","protected":false},"author":2,"featured_media":81717,"comment_status":"closed","ping_status":"open","sticky":false,"template":"","format":"standard","meta":{"_lmt_disableupdate":"","_lmt_disable":"","_jetpack_memberships_contains_paid_content":false,"footnotes":""},"categories":[109,47],"tags":[4346],"class_list":["post-81708","post","type-post","status-publish","format-standard","has-post-thumbnail","hentry","category-minuto-a-minuto","category-zona-gris","tag-salomon-ordonez-miranda"],"jetpack_featured_media_url":"https:\/\/zonaroja.com.mx\/wp-content\/uploads\/2025\/06\/Periodista-Salomon-Ordonez-Cuetzalan-Puebla.jpg","jetpack_sharing_enabled":true,"_links":{"self":[{"href":"https:\/\/zonaroja.com.mx\/index.php?rest_route=\/wp\/v2\/posts\/81708","targetHints":{"allow":["GET"]}}],"collection":[{"href":"https:\/\/zonaroja.com.mx\/index.php?rest_route=\/wp\/v2\/posts"}],"about":[{"href":"https:\/\/zonaroja.com.mx\/index.php?rest_route=\/wp\/v2\/types\/post"}],"author":[{"embeddable":true,"href":"https:\/\/zonaroja.com.mx\/index.php?rest_route=\/wp\/v2\/users\/2"}],"replies":[{"embeddable":true,"href":"https:\/\/zonaroja.com.mx\/index.php?rest_route=%2Fwp%2Fv2%2Fcomments&post=81708"}],"version-history":[{"count":1,"href":"https:\/\/zonaroja.com.mx\/index.php?rest_route=\/wp\/v2\/posts\/81708\/revisions"}],"predecessor-version":[{"id":81718,"href":"https:\/\/zonaroja.com.mx\/index.php?rest_route=\/wp\/v2\/posts\/81708\/revisions\/81718"}],"wp:featuredmedia":[{"embeddable":true,"href":"https:\/\/zonaroja.com.mx\/index.php?rest_route=\/wp\/v2\/media\/81717"}],"wp:attachment":[{"href":"https:\/\/zonaroja.com.mx\/index.php?rest_route=%2Fwp%2Fv2%2Fmedia&parent=81708"}],"wp:term":[{"taxonomy":"category","embeddable":true,"href":"https:\/\/zonaroja.com.mx\/index.php?rest_route=%2Fwp%2Fv2%2Fcategories&post=81708"},{"taxonomy":"post_tag","embeddable":true,"href":"https:\/\/zonaroja.com.mx\/index.php?rest_route=%2Fwp%2Fv2%2Ftags&post=81708"}],"curies":[{"name":"wp","href":"https:\/\/api.w.org\/{rel}","templated":true}]}}