{"id":81721,"date":"2025-06-25T09:15:00","date_gmt":"2025-06-25T15:15:00","guid":{"rendered":"https:\/\/zonaroja.com.mx\/?p=81721"},"modified":"2025-06-25T08:24:13","modified_gmt":"2025-06-25T14:24:13","slug":"me-duele-no-tener-a-mi-hija-pero-el-poder-no-me-ha-doblado-soledad-jarquin","status":"publish","type":"post","link":"https:\/\/zonaroja.com.mx\/?p=81721","title":{"rendered":"\u00abMe duele no tener a mi hija, pero el poder no me ha doblado\u00bb: Soledad Jarqu\u00edn"},"content":{"rendered":"\n<p>Lisbeth Mej\u00eda Reyes\/Zona Roja.<\/p>\n\n\n\n<p>Oaxaca, Oax., a 25 de junio de 2025.- Han sido m\u00e1s de siete a\u00f1os de lucha, de impunidad, de leer miles de hojas de expedientes que quedaron archivados para las autoridades.&nbsp;<\/p>\n\n\n\n<p>El Estado le fall\u00f3 a Mar\u00eda del Sol Cruz Jarqu\u00edn, pero aun cuando los responsables siguen sin ser investigados ni castigados, su madre, la periodista Soledad Jarqu\u00edn Edgar, le ha hecho justicia a trav\u00e9s de un libro: \u00abRevelaciones de un crimen de Estado. Impunidad, corrupci\u00f3n y complicidad\u00bb.<\/p>\n\n\n\n<p>El volumen es un relato cronol\u00f3gico del feminicidio de Mar\u00eda del Sol Cruz Jarqu\u00edn, desde el momento en el que su madre se entera de su asesinato, ocurrido el 2 de junio de 2018 en Juchit\u00e1n de Zaragoza.<\/p>\n\n\n\n<p>\u00abLo que cuento en este libro es todo lo que hemos pasado en los diferentes procesos judiciales, que son varios, y en especial el que m\u00e1s espacio me lleva contando es el de feminicidio, que fue sobrese\u00eddo en diciembre de 2023\u00bb.&nbsp;<\/p>\n\n\n\n<p>El expediente de este delito abarca 500 p\u00e1ginas, pero \u00abno son m\u00e1s que la repetici\u00f3n de las investigaciones iniciales. Quiere decir que no hicieron nada y est\u00e1n involucrados hoy en d\u00eda tres fiscales: Rub\u00e9n Vasconcelos, Arturo Peimbert y Bernardo Rodr\u00edguez Alamilla\u00bb.<\/p>\n\n\n\n<p>La pluma de Soledad combina en estas p\u00e1ginas una serie de pensamientos que en el desasosiego le escribi\u00f3 a Mar\u00eda del Sol, a la hija, hermana, nieta y t\u00eda que en este a\u00f1o cumplir\u00eda 35 de edad.&nbsp;<\/p>\n\n\n\n<p>Es como una conversaci\u00f3n entre la madre y la hija a partir de un cuaderno que la periodista le regal\u00f3 y que encuentra entre sus pertenencias, en lo que pudo recuperar de la joven fot\u00f3grafa.&nbsp;<\/p>\n\n\n\n<p>Son relatos en prosa, hay poes\u00eda, pero tambi\u00e9n una investigaci\u00f3n hecha la periodista, por la mam\u00e1 v\u00edctimas de feminicidio. \u00abMe duele no tener a mi hija, pero el poder no me ha doblado\u00bb, apunta Soledad sobre el volumen que ha publicado con el apoyo de Consorcio Oaxaca, Front L\u00ednea Defenders y Ziviler Friedensdienst.<\/p>\n\n\n\n<p>\u00abAl final es un libro en el que decimos: no tuvimos la justicia de los hombres, la justicia humana. Se cerr\u00f3 el expediente, no hay nada. Entonces es una forma de hacerle justicia, demostrar que el Estado se equivoc\u00f3, demostramos que el Estado nos fall\u00f3 y decimos cu\u00e1les son las complicidades, porque encontramos muchas complicidades.&nbsp;<\/p>\n\n\n\n<p>\u201cY al final de cuentas develamos documentos que el Estado no hab\u00eda querido develar. Y me refiero a la Fiscal\u00eda. (Documentos) que dar\u00e1n luz sobre por d\u00f3nde iban o podr\u00edan haber ido las cosas porque quien no investiga es la Fiscal\u00eda del Estado de Oaxaca\u00bb.&nbsp;<\/p>\n\n\n\n<p>Soledad hizo \u00ablo que ten\u00eda que hacer\u00bb y el asunto no qued\u00f3 en sus manos sino en las autoridades, aquellas que no quisieron proceder. Con la publicaci\u00f3n del libro, la periodista considera que tambi\u00e9n puede generar muchas inconformidades porque las personas involucradas \u00abno son blancas palomitas, son las que est\u00e1n al frente del gobierno o han estado\u00bb en \u00e9l.<\/p>\n\n\n\n<p>\u00abSe van a enojar porque creo que exhibo lo que nadie quiere exhibir: que hay una criminalizaci\u00f3n de la pol\u00edtica, que la gente que tiene que ver con los criminales est\u00e1 en la pol\u00edtica y es algo que no quieren reconocer. Y que se confabularon tanto con el priismo como hoy con el morenismo&#8230;&nbsp;<\/p>\n\n\n\n<p>\u201cLo que encuentro es que varios personajes vienen trabajando desde hace d\u00e9cadas juntos y su ambici\u00f3n de poder econ\u00f3micamente, pol\u00edtico y de todo los llev\u00f3 a cometer este crimen, como han cometido otros, seguramente. Pero desafortunadamente en este qued\u00f3 de por medio mi hija y yo no iba a tolerar que se quedara en impunidad\u201d.<\/p>\n\n\n\n<figure class=\"wp-block-image size-full\"><img decoding=\"async\" width=\"694\" height=\"600\" src=\"https:\/\/zonaroja.com.mx\/wp-content\/uploads\/2025\/06\/Maria-del-Sol-Cruz-Jarquin.jpg\" alt=\"\" class=\"wp-image-81712\" srcset=\"https:\/\/zonaroja.com.mx\/wp-content\/uploads\/2025\/06\/Maria-del-Sol-Cruz-Jarquin.jpg 694w, https:\/\/zonaroja.com.mx\/wp-content\/uploads\/2025\/06\/Maria-del-Sol-Cruz-Jarquin-300x259.jpg 300w, https:\/\/zonaroja.com.mx\/wp-content\/uploads\/2025\/06\/Maria-del-Sol-Cruz-Jarquin-585x506.jpg 585w\" sizes=\"(max-width: 694px) 100vw, 694px\" \/><\/figure>\n\n\n\n<p>INSTANCIA INTERNACIONAL<\/p>\n\n\n\n<p>En estos siete a\u00f1os de la ausencia de Mar\u00eda del Sol, su madre ha recurrido a muchas autoridades para que el asesinato no quede impune. Aunque hasta ahora as\u00ed permanece y sus esperanzas est\u00e1n depositadas en el Comit\u00e9 para la Eliminaci\u00f3n de la Discriminaci\u00f3n contra la Mujer (CEDAW), instancia internacional en la que present\u00f3 la denuncia en 2022.<\/p>\n\n\n\n<p>El caso dio pauta a m\u00e1s de 10 mil fojas de los cuatro expedientes fundamentales: homicidio calificado, robo agravado, delito electoral (en parte) y feminicidio.&nbsp;<\/p>\n\n\n\n<p>Adem\u00e1s de otras cinco mil fojas m\u00e1s o menos de otras dos carpetas m\u00e1s: una por corrupci\u00f3n y desv\u00edo de&nbsp;recursos por la v\u00eda de la justicia administrativa y un procedimiento especial sancionador que lleg\u00f3 a todos y cada uno de los tribunales en el \u00e1mbito local y del Poder Judicial Electoral de la Federaci\u00f3n.&nbsp;<\/p>\n\n\n\n<p>De esas carpetas dos fueron sobrese\u00eddas, es decir, ya no se continu\u00f3 con la investigaci\u00f3n del caso. Del robo del equipo y acervo de Mar\u00eda del Sol finalmente hubo una sentencia, pero el culpable (Heliodoro Altamira Ch\u00e1vez) sigue sin ser aprehendido.<\/p>\n\n\n\n<p>\u00abPlatiqu\u00e9 con muchas autoridades, habl\u00e9 con el ex presidente de la Rep\u00fablica (Andr\u00e9s Manuel L\u00f3pez Obrador), el ex gobernador Alejandro Murat, habl\u00e9 con el actual gobernador cuando tom\u00f3 posesi\u00f3n, lo tom\u00e9 del brazo y me dijo: habr\u00e1 justicia para las v\u00edctimas de feminicidios&#8230; Y la verdad es que ese se\u00f1or ni siquiera ha recibido a las madres, no quiere recibirlas. Hicimos todo lo posible. Entonces \u00bfqu\u00e9 pas\u00f3 conmigo? Sali\u00f3 otra Soledad Jarqu\u00edn muy fuerte. Me veo y a veces me desconozco, porque estoy haciendo cosas de las que me digo: \u00a1bueno, t\u00fa no tienes temor de Dios! Y digo: ya lo perd\u00ed. Como dicen: nos quitaron tanto que perdimos hasta el miedo\u00bb.<\/p>\n\n\n\n<p>\u00abMe duele no tener a mi hija, pero el poder no me ha doblado\u00bb, apunta la periodista, quien presentar\u00e1 el libro este 25 de junio, a las 18:00 horas, en la Biblioteca \u201cAndr\u00e9s Henestrosa\u201d, ciudad de Oaxaca.<\/p>\n","protected":false},"excerpt":{"rendered":"<p>Lisbeth Mej\u00eda Reyes\/Zona Roja. Oaxaca, Oax., a 25 de junio de 2025.- Han sido m\u00e1s&hellip;<\/p>\n","protected":false},"author":2,"featured_media":81730,"comment_status":"closed","ping_status":"open","sticky":false,"template":"","format":"standard","meta":{"_lmt_disableupdate":"","_lmt_disable":"","_jetpack_memberships_contains_paid_content":false,"footnotes":""},"categories":[109,46],"tags":[1105],"class_list":["post-81721","post","type-post","status-publish","format-standard","has-post-thumbnail","hentry","category-minuto-a-minuto","category-zona-blanca","tag-soledad-jarquin-edgar"],"jetpack_featured_media_url":"https:\/\/zonaroja.com.mx\/wp-content\/uploads\/2025\/06\/Soledad-Jarquin-Edgar.jpg","jetpack_sharing_enabled":true,"_links":{"self":[{"href":"https:\/\/zonaroja.com.mx\/index.php?rest_route=\/wp\/v2\/posts\/81721","targetHints":{"allow":["GET"]}}],"collection":[{"href":"https:\/\/zonaroja.com.mx\/index.php?rest_route=\/wp\/v2\/posts"}],"about":[{"href":"https:\/\/zonaroja.com.mx\/index.php?rest_route=\/wp\/v2\/types\/post"}],"author":[{"embeddable":true,"href":"https:\/\/zonaroja.com.mx\/index.php?rest_route=\/wp\/v2\/users\/2"}],"replies":[{"embeddable":true,"href":"https:\/\/zonaroja.com.mx\/index.php?rest_route=%2Fwp%2Fv2%2Fcomments&post=81721"}],"version-history":[{"count":1,"href":"https:\/\/zonaroja.com.mx\/index.php?rest_route=\/wp\/v2\/posts\/81721\/revisions"}],"predecessor-version":[{"id":81722,"href":"https:\/\/zonaroja.com.mx\/index.php?rest_route=\/wp\/v2\/posts\/81721\/revisions\/81722"}],"wp:featuredmedia":[{"embeddable":true,"href":"https:\/\/zonaroja.com.mx\/index.php?rest_route=\/wp\/v2\/media\/81730"}],"wp:attachment":[{"href":"https:\/\/zonaroja.com.mx\/index.php?rest_route=%2Fwp%2Fv2%2Fmedia&parent=81721"}],"wp:term":[{"taxonomy":"category","embeddable":true,"href":"https:\/\/zonaroja.com.mx\/index.php?rest_route=%2Fwp%2Fv2%2Fcategories&post=81721"},{"taxonomy":"post_tag","embeddable":true,"href":"https:\/\/zonaroja.com.mx\/index.php?rest_route=%2Fwp%2Fv2%2Ftags&post=81721"}],"curies":[{"name":"wp","href":"https:\/\/api.w.org\/{rel}","templated":true}]}}