{"id":81729,"date":"2025-06-25T12:39:00","date_gmt":"2025-06-25T18:39:00","guid":{"rendered":"https:\/\/zonaroja.com.mx\/?p=81729"},"modified":"2025-06-25T08:22:06","modified_gmt":"2025-06-25T14:22:06","slug":"la-seguridad-no-es-un-tema-de-discurso-es-tema-de-todos-los-dias","status":"publish","type":"post","link":"https:\/\/zonaroja.com.mx\/?p=81729","title":{"rendered":"\u201cLa seguridad no es un tema de discurso; es tema de todos los d\u00edas\u201d"},"content":{"rendered":"\n<p>Ismael Garc\u00eda M.\/Zona Roja.<\/p>\n\n\n\n<p>Oaxaca, Oax., a 25 de junio de 2025.- La incidencia delictiva en el municipio de Oaxaca de Ju\u00e1rez contin\u00faa a la baja, resultado de la coordinaci\u00f3n con los tres niveles de gobierno, asegur\u00f3 el edil Raymundo Chagoya.<\/p>\n\n\n\n<p>\u201cGracias al mando coordinado en seguridad, hay reducci\u00f3n en la mayor\u00eda de los delitos en la capital; la seguridad no es un tema de un discurso, es un tema de todos los d\u00edas y por supuesto previniendo las causas que la generan\u201d, dijo ayer en su conferencia de prensa.<\/p>\n\n\n\n<p>En tanto, el secretario de Seguridad Vecinal, Claudio de Jes\u00fas P\u00e9rez y P\u00e9rez, detall\u00f3 que a la fecha, se tiene el registro de 662 polic\u00edas certificados, mientras que 331 acudir\u00e1n a sus respectivos ex\u00e1menes de control y confianza.<\/p>\n\n\n\n<p>Detall\u00f3 que la certificaci\u00f3n dura tres a\u00f1os y lo realiza el C-3 del Secretariado Ejecutivo del Sistema Estatal de Seguridad P\u00fablica.<\/p>\n\n\n\n<p>Para tener un polic\u00eda certificado, se requieren diversos procesos, entre ellos realizar el curso de formaci\u00f3n inicial, la evaluaci\u00f3n de competencias y, por supuesto el examen de control y confianza.<\/p>\n\n\n\n<p>Indic\u00f3 que al iniciar su mandato, hab\u00eda 780 expedientes de Certificado \u00danico de Identidad Policial, ahora ya todos regularizados.<\/p>\n\n\n\n<p>Detall\u00f3 que, de acuerdo con el Secretariado Ejecutivo del Sistema Nacional de Seguridad P\u00fablica (SESNSP) a mayo, ha habido una tendencia importante a la baja en casi todos los delitos de alto impacto.<\/p>\n\n\n\n<p>En homicidio doloso es del cuatro por ciento, en robo a casa-habitaci\u00f3n es del 9.9%, en robo a transe\u00fantes, del 66.9%, en robo a negocio del 9.6%, en violencia familiar, 23.8% y en lesiones dolosas en 37.6%.<\/p>\n\n\n\n<p>Indic\u00f3 que cotidianamente hay patrullajes en el centro de la ciudad como las 13 agencias, con la finalidad de desalentar el delito.<\/p>\n\n\n\n<figure class=\"wp-block-embed is-type-rich is-provider-twitter wp-block-embed-twitter\"><div class=\"wp-block-embed__wrapper\">\n<div class=\"twitter-tweet\"><blockquote class=\"twitter-tweet\" data-lang=\"es\"><p lang=\"es\" dir=\"ltr\">\u201cLa seguridad no es un tema de discurso, es un tema de todos los d\u00edas\u201d.<br><br>Bajo esa premisa, el presidente municipal de Oaxaca de Ju\u00e1rez, <a href=\"https:\/\/twitter.com\/raychagoya?ref_src=twsrc%5Etfw\">@raychagoya<\/a>, inform\u00f3 que se ha logrado disminuir la incidencia delictiva en la capital. <br><br>Los detalles los dio el secretario de Seguridad\u2026 <a href=\"https:\/\/t.co\/jYgKwEFI55\">pic.twitter.com\/jYgKwEFI55<\/a><\/p>&mdash; Zona Roja Oaxaca (@ZonaRoja_Oaxaca) <a href=\"https:\/\/twitter.com\/ZonaRoja_Oaxaca\/status\/1937714735765459212?ref_src=twsrc%5Etfw\">25 de junio de 2025<\/a><\/blockquote><\/div>\n<\/div><\/figure>\n","protected":false},"excerpt":{"rendered":"<p>Ismael Garc\u00eda M.\/Zona Roja. Oaxaca, Oax., a 25 de junio de 2025.- La incidencia delictiva&hellip;<\/p>\n","protected":false},"author":2,"featured_media":81731,"comment_status":"closed","ping_status":"open","sticky":false,"template":"","format":"standard","meta":{"_lmt_disableupdate":"","_lmt_disable":"","_jetpack_memberships_contains_paid_content":false,"footnotes":""},"categories":[109,46],"tags":[4142],"class_list":["post-81729","post","type-post","status-publish","format-standard","has-post-thumbnail","hentry","category-minuto-a-minuto","category-zona-blanca","tag-raymundo-chagoya"],"jetpack_featured_media_url":"https:\/\/zonaroja.com.mx\/wp-content\/uploads\/2025\/06\/Raymundo-Chagoya.jpeg","jetpack_sharing_enabled":true,"_links":{"self":[{"href":"https:\/\/zonaroja.com.mx\/index.php?rest_route=\/wp\/v2\/posts\/81729","targetHints":{"allow":["GET"]}}],"collection":[{"href":"https:\/\/zonaroja.com.mx\/index.php?rest_route=\/wp\/v2\/posts"}],"about":[{"href":"https:\/\/zonaroja.com.mx\/index.php?rest_route=\/wp\/v2\/types\/post"}],"author":[{"embeddable":true,"href":"https:\/\/zonaroja.com.mx\/index.php?rest_route=\/wp\/v2\/users\/2"}],"replies":[{"embeddable":true,"href":"https:\/\/zonaroja.com.mx\/index.php?rest_route=%2Fwp%2Fv2%2Fcomments&post=81729"}],"version-history":[{"count":1,"href":"https:\/\/zonaroja.com.mx\/index.php?rest_route=\/wp\/v2\/posts\/81729\/revisions"}],"predecessor-version":[{"id":81732,"href":"https:\/\/zonaroja.com.mx\/index.php?rest_route=\/wp\/v2\/posts\/81729\/revisions\/81732"}],"wp:featuredmedia":[{"embeddable":true,"href":"https:\/\/zonaroja.com.mx\/index.php?rest_route=\/wp\/v2\/media\/81731"}],"wp:attachment":[{"href":"https:\/\/zonaroja.com.mx\/index.php?rest_route=%2Fwp%2Fv2%2Fmedia&parent=81729"}],"wp:term":[{"taxonomy":"category","embeddable":true,"href":"https:\/\/zonaroja.com.mx\/index.php?rest_route=%2Fwp%2Fv2%2Fcategories&post=81729"},{"taxonomy":"post_tag","embeddable":true,"href":"https:\/\/zonaroja.com.mx\/index.php?rest_route=%2Fwp%2Fv2%2Ftags&post=81729"}],"curies":[{"name":"wp","href":"https:\/\/api.w.org\/{rel}","templated":true}]}}