{"id":81733,"date":"2025-06-25T13:22:00","date_gmt":"2025-06-25T19:22:00","guid":{"rendered":"https:\/\/zonaroja.com.mx\/?p=81733"},"modified":"2025-06-25T08:23:41","modified_gmt":"2025-06-25T14:23:41","slug":"preocupa-a-amnistia-internacional-hallazgo-de-fosas-en-jojutla-morelos","status":"publish","type":"post","link":"https:\/\/zonaroja.com.mx\/?p=81733","title":{"rendered":"Preocupa a Amnist\u00eda Internacional hallazgo de fosas en Jojutla, Morelos"},"content":{"rendered":"\n<p>Redacci\u00f3n\/Zona Roja Cdmx.<\/p>\n\n\n\n<p>Ciudad de M\u00e9xico, a 25 de junio de 2025.- Amnist\u00eda Internacional expres\u00f3 su profunda preocupaci\u00f3n ante el hallazgo de una fosa com\u00fan en el pante\u00f3n municipal Pedro Amaro, en Jojutla, Morelos, donde fueron exhumados al menos 60 cuerpos, incluidos los restos de entre 10 y 12 beb\u00e9s.&nbsp;<\/p>\n\n\n\n<p>La organizaci\u00f3n considera que este caso podr\u00eda constituir una grave violaci\u00f3n a los derechos humanos, particularmente al derecho a la verdad, la justicia y la reparaci\u00f3n.<\/p>\n\n\n\n<p>El hallazgo fue reportado por colectivos de b\u00fasqueda el 23 de junio, como parte de la cuarta fase de exhumaciones iniciada el 26 de mayo.&nbsp;<\/p>\n\n\n\n<p>Los trabajos fueron llevados a cabo en coordinaci\u00f3n con la Fiscal\u00eda General de Justicia de Morelos, aunque suspendidos por riesgos estructurales en el cementerio, provocados por las lluvias del hurac\u00e1n \u201cErick\u201d.<\/p>\n\n\n\n<p>Los colectivos de b\u00fasqueda, como \u201cDesaparecidos Tetelcingo y Jojutla\u201d, reportaron la recuperaci\u00f3n de restos de al menos 60 personas, incluidos beb\u00e9s, mujeres y cuerpos fragmentados, sin que existiera registro oficial alguno.&nbsp;<\/p>\n\n\n\n<p>Este caso se suma a antecedentes como el esc\u00e1ndalo de Tetelcingo (2015-2017), donde tambi\u00e9n se hallaron fosas clandestinas con decenas de cuerpos.<\/p>\n\n\n\n<p>En ese sentido, Amnist\u00eda Internacional urgi\u00f3 a la fiscal\u00eda estatal a garantizar un proceso transparente y respetuoso de los derechos de las v\u00edctimas y sus familias. Entre sus exigencias se encuentran:<\/p>\n\n\n\n<p>Continuar las excavaciones con t\u00e9cnicas arqueol\u00f3gicas y antropol\u00f3gicas especializadas.<\/p>\n\n\n\n<p>Incluir a los colectivos de b\u00fasqueda como observadores activos del proceso.<\/p>\n\n\n\n<p>Realizar pruebas gen\u00e9ticas exhaustivas para identificar los restos.<\/p>\n\n\n\n<p>Evitar la revictimizaci\u00f3n, mediante el respeto a las familias y sin deslegitimar sus hallazgos.<\/p>\n\n\n\n<p>Publicar resultados de los an\u00e1lisis gen\u00e9ticos para garantizar acceso p\u00fablico a la informaci\u00f3n.<\/p>\n\n\n\n<p>LA RESPUESTA<\/p>\n\n\n\n<p>En tanto, la dependencia estatal desestim\u00f3 el mismo 23 de junio la cifra de 60 cuerpos y calific\u00e1ndola como \u201cimprecisa\u201d y generadora de \u201calarma social\u201d. Asegur\u00f3 que los datos confirmados se dar\u00e1n a conocer en un informe t\u00e9cnico pr\u00f3ximo y se comprometi\u00f3 a reunirse con los colectivos para evaluar avances y reprogramar las exhumaciones, priorizando la seguridad estructural del pante\u00f3n.<\/p>\n\n\n\n<p>No obstante, colectivos como \u201cRegresando a Casa Morelos\u201d, liderado por Edith Hern\u00e1ndez, denunciaron falta de transparencia por parte de la fiscal\u00eda. Cuestionaron la clasificaci\u00f3n forense de los restos, como un beb\u00e9 registrado oficialmente como \u201chueso disperso\u201d, y criticaron la negativa a proporcionar informaci\u00f3n precisa sobre el n\u00famero y perfil de los cuerpos encontrados.<\/p>\n\n\n\n<p>(Informaci\u00f3n de \u201cPublimetro\u201d)<\/p>\n","protected":false},"excerpt":{"rendered":"<p>Redacci\u00f3n\/Zona Roja Cdmx. Ciudad de M\u00e9xico, a 25 de junio de 2025.- Amnist\u00eda Internacional expres\u00f3&hellip;<\/p>\n","protected":false},"author":2,"featured_media":81734,"comment_status":"closed","ping_status":"open","sticky":false,"template":"","format":"standard","meta":{"_lmt_disableupdate":"","_lmt_disable":"","_jetpack_memberships_contains_paid_content":false,"footnotes":""},"categories":[109,47],"tags":[],"class_list":["post-81733","post","type-post","status-publish","format-standard","has-post-thumbnail","hentry","category-minuto-a-minuto","category-zona-gris"],"jetpack_featured_media_url":"https:\/\/zonaroja.com.mx\/wp-content\/uploads\/2025\/06\/Fosas-Jojutla-Morelos.jpeg","jetpack_sharing_enabled":true,"_links":{"self":[{"href":"https:\/\/zonaroja.com.mx\/index.php?rest_route=\/wp\/v2\/posts\/81733","targetHints":{"allow":["GET"]}}],"collection":[{"href":"https:\/\/zonaroja.com.mx\/index.php?rest_route=\/wp\/v2\/posts"}],"about":[{"href":"https:\/\/zonaroja.com.mx\/index.php?rest_route=\/wp\/v2\/types\/post"}],"author":[{"embeddable":true,"href":"https:\/\/zonaroja.com.mx\/index.php?rest_route=\/wp\/v2\/users\/2"}],"replies":[{"embeddable":true,"href":"https:\/\/zonaroja.com.mx\/index.php?rest_route=%2Fwp%2Fv2%2Fcomments&post=81733"}],"version-history":[{"count":1,"href":"https:\/\/zonaroja.com.mx\/index.php?rest_route=\/wp\/v2\/posts\/81733\/revisions"}],"predecessor-version":[{"id":81735,"href":"https:\/\/zonaroja.com.mx\/index.php?rest_route=\/wp\/v2\/posts\/81733\/revisions\/81735"}],"wp:featuredmedia":[{"embeddable":true,"href":"https:\/\/zonaroja.com.mx\/index.php?rest_route=\/wp\/v2\/media\/81734"}],"wp:attachment":[{"href":"https:\/\/zonaroja.com.mx\/index.php?rest_route=%2Fwp%2Fv2%2Fmedia&parent=81733"}],"wp:term":[{"taxonomy":"category","embeddable":true,"href":"https:\/\/zonaroja.com.mx\/index.php?rest_route=%2Fwp%2Fv2%2Fcategories&post=81733"},{"taxonomy":"post_tag","embeddable":true,"href":"https:\/\/zonaroja.com.mx\/index.php?rest_route=%2Fwp%2Fv2%2Ftags&post=81733"}],"curies":[{"name":"wp","href":"https:\/\/api.w.org\/{rel}","templated":true}]}}