{"id":81736,"date":"2025-06-25T17:12:40","date_gmt":"2025-06-25T23:12:40","guid":{"rendered":"https:\/\/zonaroja.com.mx\/?p=81736"},"modified":"2025-06-25T17:12:41","modified_gmt":"2025-06-25T23:12:41","slug":"opinion-la-felicidad-ah-ah-ah-ah","status":"publish","type":"post","link":"https:\/\/zonaroja.com.mx\/?p=81736","title":{"rendered":"Opini\u00f3n. \u00a1La felicidad,\u00a0ah, ah, ah, ah!"},"content":{"rendered":"\n<p>N\u00c9STOR Y. S\u00c1NCHEZ ISLAS<\/p>\n\n\n\n<p>La insistente narrativa oficial del gobierno estatal nos hace&nbsp;creer&nbsp;lo felices que somos y lo afortunados que resultamos al tenerlos a ellos en el poder.&nbsp;Emplea&nbsp;sus propios medios, contrata espacios en la prensa nacional y alquila plumas locales para que nunca lo olvidemos.&nbsp;<\/p>\n\n\n\n<p>La temporada de Guelaguetza sirve muy bien para&nbsp;mantener&nbsp;esa creencia y, ya&nbsp;puestos en ese estado de \u00e1nimo me pregunto por qu\u00e9 no cantar aquella vieja tonada&nbsp;de Topo Gigio, personaje de la tv de los a\u00f1os&nbsp;70, que se llamaba \u201cLa felicidad\u201d.<\/p>\n\n\n\n<p>Solo que al crimen organizado no le avisaron&nbsp;lo felices que estamos&nbsp;y \u00e9ste tuvo la ocurrencia de incendiar Juchit\u00e1n la semana pasada. Peque\u00f1o detalle que nos remite a escenas de Sinaloa, Tamaulipas o Michoac\u00e1n en donde, cuando detienen a un&nbsp;importante&nbsp;\u201cgenerador de violencia\u201d se desata el infierno con incendio de comercios, ataques al transporte p\u00fablico y narco bloqueos.<\/p>\n\n\n\n<p>A trav\u00e9s de este espacio hemos comentado el lado oscuro de&nbsp;esas&nbsp;dos esperadas obras por los oaxaque\u00f1os. Tanto el corredor interoce\u00e1nico como la s\u00faper carretera al istmo tienen&nbsp;el defecto de resultar altamente atractivas para el crimen organizado&nbsp;en todas sus modalidades, como el huachicol, la droga, las armas, los indocumentados, asaltos y secuestros.&nbsp;No ser\u00e1 raro ver c\u00f3mo, con los meses aumente&nbsp;la violencia en la zona&nbsp;por la disputa del territorio.<\/p>\n\n\n\n<p>M\u00e1s grave a\u00fan resulta la tolerancia, o de plano complicidad, entre el poder pol\u00edtico\u00a0y el poder criminal que ha ido cediendo tanto territorio como autoridad a manos de\u00a0malandros\u00a0que\u00a0imponen su voluntad en la zona. El Estado ha perdido presencia, entre otras razones, por la\u00a0cercan\u00eda\u00a0de algunos pol\u00edticos\u00a0que, necesitados de financiamiento, han recurrido a ellos como fuente de financiamiento. <\/p>\n\n\n\n<p>Hist\u00f3ricamente ha habido complicidad, pero pocas veces como ahora\u00a0en que la pol\u00edtica de los abrazos, literalmente, los protegi\u00f3 a ellos en detrimento de nosotros, la gente de a pie.Este gobierno deber\u00eda ser muy cuidadoso\u00a0con el tema porque es\u00a0rumor p\u00fablico\u00a0la cercan\u00eda o pertenencia de alguno de los miembros de su equipo con grupos\u00a0delincuenciales.<\/p>\n\n\n\n<p>De manera superficial el tema del involucramiento de pol\u00edticos con el crimen&nbsp;podr\u00eda&nbsp;reducirse al mero \u00e1mbito de la seguridad p\u00fabica,&nbsp;pero este asunto ha&nbsp;evolucionado&nbsp;de tal manera que ya afecta&nbsp;y distorsiona las propias estructuras sociales que, como ejemplo de ello, no solo tolera&nbsp;la narcocultura, sino que abiertamente&nbsp;se&nbsp;exhibe&nbsp;a trav\u00e9s de&nbsp;expresiones como la m\u00fasica, el cine, la tv&nbsp;o las redes en que convierte al mat\u00f3n en un antih\u00e9roe digno de admiraci\u00f3n&nbsp;y como ejemplo de vida a seguir.&nbsp;De seguir as\u00ed, Oaxaca corre el riesgo de convertirse en territorio fallido.<\/p>\n\n\n\n<p>La pol\u00edtica no debe llegar a los extremos maquiav\u00e9licos en los que el fin justifique los medios y, en la lucha por el poder, la clase pol\u00edtica, necesitada de financiamiento,&nbsp;recurra a ellos e hipoteque&nbsp;nuestra seguridad, nuestro patrimonio y nuestras vidas&nbsp;porque usted y yo somos&nbsp;la mercanc\u00eda para negociar&nbsp;entre&nbsp;gobernantes&nbsp;y criminales.<\/p>\n\n\n\n<p>El crecimiento del crimen organizado tolerado desde el propio gobierno\u00a0ha permitido la evoluci\u00f3n de \u00e9ste que pas\u00f3 de bandas delictivas a constituirse en un poder f\u00e1ctico\u00a0que influye en la toma de decisiones que van desde pol\u00edticas p\u00fablicas hasta de la vida cotidiana. <\/p>\n\n\n\n<p>De esta forma vemos que igual\u00a0se apropian de tierras para construir complejos tur\u00edsticos en la costa\u00a0y lo legalizan v\u00eda decretos, imponen cuotas a\u00a0poller\u00edas\u00a0provocando con ello el aumento de precios de los alimentos o son due\u00f1os de los taxis\u00a0que nos cobran un ojo de la cara por un simple servicio.<\/p>\n\n\n\n<p>La semana pasada&nbsp;paralizaron Juchit\u00e1n como muestra de&nbsp;un poder que no debemos ignorar&nbsp;porque no se limitar\u00e1 a quemar tiendas. Es obvio que quienes mueven a esas bandas&nbsp;buscar\u00e1n mantener el control que ya ejercen y, por supuesto aumentarlo, por lo que&nbsp;ejercer\u00e1n su poder econ\u00f3mico para conducir los procesos electorales de acuerdo con sus intereses&nbsp;y&nbsp;asumirse con aut\u00e9nticos se\u00f1ores feudales de horca y cuchillo.<\/p>\n\n\n\n<p>En estos momentos no deber\u00edamos preocuparnos por vivir en un estado casi fallido puesto que, gobernados por la izquierda, solo deber\u00edamos dedicarnos a ser felices. No deber\u00eda haber&nbsp;complicidad con el crimen, ni corrupci\u00f3n ni nepotismo. La econom\u00eda&nbsp;deber\u00eda ser tan buena que ya no deber\u00eda haber pobreza ni desigualdad.<\/p>\n\n\n\n<p>Los ni\u00f1os deber\u00edan estar felices con escuelas y profesores de calidad. Deber\u00eda estar en construcci\u00f3n un tejido social en el que ser\u00edamos tolerantes, incluyentes y respetuoso.&nbsp;Los abrazos ya deber\u00edan haber triunfado sobre los balazos&nbsp;o&nbsp;la&nbsp;primavera oaxaque\u00f1a no deber\u00eda preocuparse por&nbsp;dejar fuera de la Guelaguetza a delegaciones ic\u00f3nicas&nbsp;para&nbsp;introducir a&nbsp;desconocidas carentes de identidad propia.<\/p>\n\n\n\n<p>La realidad&nbsp;es que Oaxaca no vive en&nbsp;la&nbsp;felicidad y la ola criminal no surgi\u00f3&nbsp;sin complicidad.<\/p>\n\n\n\n<p><a href=\"mailto:nestoryuri@yahoo.com\">nestoryuri@yahoo.com<\/a><\/p>\n","protected":false},"excerpt":{"rendered":"<p>N\u00c9STOR Y. S\u00c1NCHEZ ISLAS La insistente narrativa oficial del gobierno estatal nos hace&nbsp;creer&nbsp;lo felices que&hellip;<\/p>\n","protected":false},"author":2,"featured_media":67897,"comment_status":"closed","ping_status":"open","sticky":false,"template":"","format":"standard","meta":{"_lmt_disableupdate":"","_lmt_disable":"","_jetpack_memberships_contains_paid_content":false,"footnotes":""},"categories":[456,109],"tags":[3050],"class_list":["post-81736","post","type-post","status-publish","format-standard","has-post-thumbnail","hentry","category-columna","category-minuto-a-minuto","tag-nestor-yuri-sanchez"],"jetpack_featured_media_url":"https:\/\/zonaroja.com.mx\/wp-content\/uploads\/2024\/05\/Opinion-Nestor-Yuri-Sanchez.jpeg","jetpack_sharing_enabled":true,"_links":{"self":[{"href":"https:\/\/zonaroja.com.mx\/index.php?rest_route=\/wp\/v2\/posts\/81736","targetHints":{"allow":["GET"]}}],"collection":[{"href":"https:\/\/zonaroja.com.mx\/index.php?rest_route=\/wp\/v2\/posts"}],"about":[{"href":"https:\/\/zonaroja.com.mx\/index.php?rest_route=\/wp\/v2\/types\/post"}],"author":[{"embeddable":true,"href":"https:\/\/zonaroja.com.mx\/index.php?rest_route=\/wp\/v2\/users\/2"}],"replies":[{"embeddable":true,"href":"https:\/\/zonaroja.com.mx\/index.php?rest_route=%2Fwp%2Fv2%2Fcomments&post=81736"}],"version-history":[{"count":1,"href":"https:\/\/zonaroja.com.mx\/index.php?rest_route=\/wp\/v2\/posts\/81736\/revisions"}],"predecessor-version":[{"id":81737,"href":"https:\/\/zonaroja.com.mx\/index.php?rest_route=\/wp\/v2\/posts\/81736\/revisions\/81737"}],"wp:featuredmedia":[{"embeddable":true,"href":"https:\/\/zonaroja.com.mx\/index.php?rest_route=\/wp\/v2\/media\/67897"}],"wp:attachment":[{"href":"https:\/\/zonaroja.com.mx\/index.php?rest_route=%2Fwp%2Fv2%2Fmedia&parent=81736"}],"wp:term":[{"taxonomy":"category","embeddable":true,"href":"https:\/\/zonaroja.com.mx\/index.php?rest_route=%2Fwp%2Fv2%2Fcategories&post=81736"},{"taxonomy":"post_tag","embeddable":true,"href":"https:\/\/zonaroja.com.mx\/index.php?rest_route=%2Fwp%2Fv2%2Ftags&post=81736"}],"curies":[{"name":"wp","href":"https:\/\/api.w.org\/{rel}","templated":true}]}}