{"id":81738,"date":"2025-06-25T18:27:21","date_gmt":"2025-06-26T00:27:21","guid":{"rendered":"https:\/\/zonaroja.com.mx\/?p=81738"},"modified":"2025-06-25T18:27:21","modified_gmt":"2025-06-26T00:27:21","slug":"cartel-jalisco-amenaza-internacional-espiaban-hasta-agentes-en-eu","status":"publish","type":"post","link":"https:\/\/zonaroja.com.mx\/?p=81738","title":{"rendered":"C\u00e1rtel Jalisco, amenaza internacional; espiaban hasta agentes en EU"},"content":{"rendered":"\n<p>Redacci\u00f3n\/Zona Roja Cdmx.<\/p>\n\n\n\n<p>Ciudad de M\u00e9xico, a 25 de junio de 2025.- El C\u00e1rtel Jalisco Nueva Generaci\u00f3n (CJNG) se ha convertido en una amenaza internacional, debido a la violencia y al terror que ha infundido para mantener sus actividades il\u00edcitas.<\/p>\n\n\n\n<p>En ese contexto, el jefe de la Administraci\u00f3n de Control de Drogas (DEA, por sus siglas en ingl\u00e9s) en Los \u00c1ngeles, Matthew Allen, revel\u00f3 en una audiencia del Comit\u00e9 Judicial del Senado de Estados Unidos que integrantes del CJNG vigilaron a agentes e informantes de la agencia durante el juicio en contra de Rub\u00e9n Oseguera Gonz\u00e1lez, \u201cEl Menchito\u201d, hijo de Nemesio Oseguera Cervantes, \u00abEl Mencho\u00bb, l\u00edder de la organizaci\u00f3n criminal.<\/p>\n\n\n\n<p>Allen a\u00f1adi\u00f3 que tras el procedimiento de Oseguera Gonz\u00e1lez, el grupo delictivo asesin\u00f3 a la hija de uno de los informantes y mat\u00f3 a otro soldado mexicano como venganza.<\/p>\n\n\n\n<p>\u201cEsto es lo que nos enfrentamos: un c\u00e1rtel paramilitar con alcance global dispuesto a matar familias y espiar a personal de Estados Unidos en nuestro propio territorio\u201d, advirti\u00f3.<\/p>\n\n\n\n<p>El proceso judicial en contra de \u2018El Menchito\u2019 comenz\u00f3 en septiembre de 2024, por el que fue acusado de cargos relacionados a tr\u00e1fico de drogas y portaci\u00f3n ilegal de arma de fuego.<\/p>\n\n\n\n<p>El pasado mes de marzo, fue condenado a cadena perpetua por una jueza federal de Washington, D.C.<\/p>\n\n\n\n<p>Cabe recordar que Rub\u00e9n Oseguera Gonz\u00e1lez fue extraditado a Estados Unidos en febrero de 2020.<\/p>\n\n\n\n<p>Semanas despu\u00e9s del comienzo de la Presidencia de Donald Trump, el CJNG fue designado como organizaci\u00f3n terrorista extranjera dentro de Estados Unidos, junto al C\u00e1rtel de Sinaloa, C\u00e1rtel del Golfo, C\u00e1rtel del Noreste, C\u00e1rteles Unidos y la Nueva Familia Michoacana.<\/p>\n\n\n\n<p>El argumento del Departamento de Estado de EUA para declarar a estos grupos como terroristas fue que propagan terror y violencia a trav\u00e9s del tr\u00e1fico de drogas, extorsi\u00f3n y control de territorios.<\/p>\n\n\n\n<p>El pasado mi\u00e9rcoles 18 de junio, el Departamento del Tesoro de EUA sancion\u00f3 por terrorismo a \u201cEl Mencho\u201d, por tr\u00e1fico de fentanilo; y a otro integrante del grupo criminal por su presunta participaci\u00f3n en el asesinato de la influencer Valeria M\u00e1rquez.<\/p>\n\n\n\n<p>La instancia estadounidense cit\u00f3 las \u201ct\u00e1cticas\u201d violentas que emplea el c\u00e1rtel para controlar sus territorios e intimidar a sus rivales, poniendo como ejemplo el caso del rancho Izaguirre en Teuchitl\u00e1n, Jalisco.<\/p>\n\n\n\n<p>\u201cEl reinado de terror del CJNG en M\u00e9xico y su tr\u00e1fico de fentanilo hacia Estados Unidos ha destruido incontables vidas de inocentes\u201d, expres\u00f3 Scott Bessent, secretario del Tesoro de EUA.<\/p>\n\n\n\n<p>(Informaci\u00f3n de \u201cPol\u00edtico.Mx\u201d)<\/p>\n","protected":false},"excerpt":{"rendered":"<p>Redacci\u00f3n\/Zona Roja Cdmx. Ciudad de M\u00e9xico, a 25 de junio de 2025.- El C\u00e1rtel Jalisco&hellip;<\/p>\n","protected":false},"author":2,"featured_media":80474,"comment_status":"closed","ping_status":"open","sticky":false,"template":"","format":"standard","meta":{"_lmt_disableupdate":"","_lmt_disable":"","_jetpack_memberships_contains_paid_content":false,"footnotes":""},"categories":[109,47],"tags":[1492],"class_list":["post-81738","post","type-post","status-publish","format-standard","has-post-thumbnail","hentry","category-minuto-a-minuto","category-zona-gris","tag-cartel-jalisco-nueva-generacion"],"jetpack_featured_media_url":"https:\/\/zonaroja.com.mx\/wp-content\/uploads\/2025\/05\/Cartel-Jalisco-Nueva-Generacion.jpg","jetpack_sharing_enabled":true,"_links":{"self":[{"href":"https:\/\/zonaroja.com.mx\/index.php?rest_route=\/wp\/v2\/posts\/81738","targetHints":{"allow":["GET"]}}],"collection":[{"href":"https:\/\/zonaroja.com.mx\/index.php?rest_route=\/wp\/v2\/posts"}],"about":[{"href":"https:\/\/zonaroja.com.mx\/index.php?rest_route=\/wp\/v2\/types\/post"}],"author":[{"embeddable":true,"href":"https:\/\/zonaroja.com.mx\/index.php?rest_route=\/wp\/v2\/users\/2"}],"replies":[{"embeddable":true,"href":"https:\/\/zonaroja.com.mx\/index.php?rest_route=%2Fwp%2Fv2%2Fcomments&post=81738"}],"version-history":[{"count":1,"href":"https:\/\/zonaroja.com.mx\/index.php?rest_route=\/wp\/v2\/posts\/81738\/revisions"}],"predecessor-version":[{"id":81739,"href":"https:\/\/zonaroja.com.mx\/index.php?rest_route=\/wp\/v2\/posts\/81738\/revisions\/81739"}],"wp:featuredmedia":[{"embeddable":true,"href":"https:\/\/zonaroja.com.mx\/index.php?rest_route=\/wp\/v2\/media\/80474"}],"wp:attachment":[{"href":"https:\/\/zonaroja.com.mx\/index.php?rest_route=%2Fwp%2Fv2%2Fmedia&parent=81738"}],"wp:term":[{"taxonomy":"category","embeddable":true,"href":"https:\/\/zonaroja.com.mx\/index.php?rest_route=%2Fwp%2Fv2%2Fcategories&post=81738"},{"taxonomy":"post_tag","embeddable":true,"href":"https:\/\/zonaroja.com.mx\/index.php?rest_route=%2Fwp%2Fv2%2Ftags&post=81738"}],"curies":[{"name":"wp","href":"https:\/\/api.w.org\/{rel}","templated":true}]}}