{"id":81740,"date":"2025-06-25T19:25:52","date_gmt":"2025-06-26T01:25:52","guid":{"rendered":"https:\/\/zonaroja.com.mx\/?p=81740"},"modified":"2025-06-25T19:25:54","modified_gmt":"2025-06-26T01:25:54","slug":"hacen-equipo-murat-y-haces-con-espanoles-que-armaron-red-de-corrupcion","status":"publish","type":"post","link":"https:\/\/zonaroja.com.mx\/?p=81740","title":{"rendered":"Hacen equipo Murat y Haces con espa\u00f1oles que armaron red de corrupci\u00f3n"},"content":{"rendered":"\n<p>Redacci\u00f3n\/Zona Roja Cdmx.<\/p>\n\n\n\n<p>Ciudad de M\u00e9xico, a 25 de junio de 2025.- El empresario V\u00edctor de Aldama, pieza clave del llamado \u201cCaso Koldo\u201d, un entramado de corrupci\u00f3n en Espa\u00f1a, logr\u00f3 colocarse como un operador eficaz gracias a sus v\u00ednculos en M\u00e9xico con pol\u00edticos de Morena.<\/p>\n\n\n\n<p>El ex Gobernador de Oaxaca, Alejandro Murat, y el legislador de Morena, Pedro Haces, abrieron la puerta en M\u00e9xico al grupo de funcionarios y empresarios espa\u00f1oles que armaron una red de corrupci\u00f3n que hoy tiene en la cuerda floja al Presidente Pedro S\u00e1nchez.<\/p>\n\n\n\n<p>El empresario V\u00edctor de Aldama, pieza clave del llamado \u201cCaso Koldo\u201d, un entramado de corrupci\u00f3n en Espa\u00f1a, logr\u00f3 colocarse como un operador eficaz gracias a sus v\u00ednculos en M\u00e9xico con pol\u00edticos de Morena.<\/p>\n\n\n\n<p>De acuerdo con su declaraci\u00f3n ante la Audiencia Nacional, De Aldama afirm\u00f3 que en su calidad de \u201cAgregado Comercial\u201d de Espa\u00f1a en Oaxaca gestion\u00f3 con Murat y con el apoyo de Pedro Haces abrir una ruta de vuelos directos de Espa\u00f1a a ese estado del sur de M\u00e9xico.<\/p>\n\n\n\n<p>Tambi\u00e9n buscaban ampliar y operar el aeropuerto de Oaxaca, como un primer paso para despu\u00e9s llegar a m\u00e1s instalaciones a\u00e9reas en M\u00e9xico.<\/p>\n\n\n\n<p>De Aldama dijo que su relaci\u00f3n con Murat permiti\u00f3 que en 2019 Jos\u00e9 Luis \u00c1balos, quien fue Ministro de Transportes, y uno de sus asesores, Koldo Garc\u00eda, vinieran a M\u00e9xico en busca de negocios.<\/p>\n\n\n\n<p>\u00c1balos se reuni\u00f3 con el entonces Gobernador de Oaxaca, Alejandro Murat; con el ex l\u00edder del Senado, Ricardo Monreal, y con el legislador Pedro Haces.<\/p>\n\n\n\n<p>REFORMA public\u00f3 ayer que los tres protagonistas del esc\u00e1ndalo de corrupci\u00f3n espa\u00f1ola (De Aldama-\u00c1balos-Koldo), que tiene en jaque al Gobierno de Espa\u00f1a, viajaron a M\u00e9xico en febrero de 2019 para conseguir contratos de la megaobra emblem\u00e1tica del Gobierno de Andr\u00e9s Manuel L\u00f3pez Obrador y los obtuvieron para la empresa p\u00fablica espa\u00f1ola INECO.<\/p>\n\n\n\n<p>Incluso, los v\u00ednculos y negocios de Murat y Haces lograron que Oaxaca y Huatulco fueran patrocinadores del equipo espa\u00f1ol Zamora, propiedad de V\u00edctor de Aldama.<\/p>\n\n\n\n<p>Cuando el espa\u00f1ol present\u00f3 la nueva imagen de su equipo exhibi\u00f3 las playeras deportivas con los nombres de Alejandro Murat y su padre Jos\u00e9 Murat; del morenista Pedro Haces y de Jes\u00fas Galv\u00e1n, un empresario de Chihuahua que obtuvo contratos millonarios en el Gobierno de Murat.<\/p>\n\n\n\n<p>Seg\u00fan informaci\u00f3n oficial de la Unidad Central Operativa de la Guardia Civil revelada a finales de 2024, los espa\u00f1oles y los pol\u00edticos mexicanos pagaron por \u201climpiar\u201d de Internet notas negativas.<\/p>\n\n\n\n<p>\u201cEstos socios, entre ellos el miembro del Senado de M\u00e9xico, Pedro Haces, eran clientes de Eliminalia, una compa\u00f1\u00eda espa\u00f1ola que, seg\u00fan el Registro Mercantil, se dedicaba a limpiar la reputaci\u00f3n online de las personas respecto a casos de corrupci\u00f3n o esc\u00e1ndalos ilegales como el narcotr\u00e1fico o el blanqueo de capitales (&#8230;)\u201d, public\u00f3 en octubre pasado el diario espa\u00f1ol El Economista.<\/p>\n\n\n\n<p>\u201cEstos empresarios mexicanos llegaron a pagar cantidades millonarias para eliminar la huella de sus \u2018tramas\u2019\u201d, agreg\u00f3.<\/p>\n\n\n\n<p>REFORMA busc\u00f3 a Pedro Haces para conocer su opini\u00f3n sobre estos hechos y dijo que hoy dar\u00eda su versi\u00f3n, pues se encontraba de viaje.<\/p>\n\n\n\n<p>(Informaci\u00f3n del diario \u201cReforma\u201d en \u201cVanguardia\u201d)<\/p>\n","protected":false},"excerpt":{"rendered":"<p>Redacci\u00f3n\/Zona Roja Cdmx. Ciudad de M\u00e9xico, a 25 de junio de 2025.- El empresario V\u00edctor&hellip;<\/p>\n","protected":false},"author":2,"featured_media":73940,"comment_status":"closed","ping_status":"open","sticky":false,"template":"","format":"standard","meta":{"_lmt_disableupdate":"","_lmt_disable":"","_jetpack_memberships_contains_paid_content":false,"footnotes":""},"categories":[109,47],"tags":[173],"class_list":["post-81740","post","type-post","status-publish","format-standard","has-post-thumbnail","hentry","category-minuto-a-minuto","category-zona-gris","tag-alejandro-murat-hinojosa"],"jetpack_featured_media_url":"https:\/\/zonaroja.com.mx\/wp-content\/uploads\/2024\/10\/Alejandro-Murat-caso-Espana.jpeg.webp","jetpack_sharing_enabled":true,"_links":{"self":[{"href":"https:\/\/zonaroja.com.mx\/index.php?rest_route=\/wp\/v2\/posts\/81740","targetHints":{"allow":["GET"]}}],"collection":[{"href":"https:\/\/zonaroja.com.mx\/index.php?rest_route=\/wp\/v2\/posts"}],"about":[{"href":"https:\/\/zonaroja.com.mx\/index.php?rest_route=\/wp\/v2\/types\/post"}],"author":[{"embeddable":true,"href":"https:\/\/zonaroja.com.mx\/index.php?rest_route=\/wp\/v2\/users\/2"}],"replies":[{"embeddable":true,"href":"https:\/\/zonaroja.com.mx\/index.php?rest_route=%2Fwp%2Fv2%2Fcomments&post=81740"}],"version-history":[{"count":1,"href":"https:\/\/zonaroja.com.mx\/index.php?rest_route=\/wp\/v2\/posts\/81740\/revisions"}],"predecessor-version":[{"id":81741,"href":"https:\/\/zonaroja.com.mx\/index.php?rest_route=\/wp\/v2\/posts\/81740\/revisions\/81741"}],"wp:featuredmedia":[{"embeddable":true,"href":"https:\/\/zonaroja.com.mx\/index.php?rest_route=\/wp\/v2\/media\/73940"}],"wp:attachment":[{"href":"https:\/\/zonaroja.com.mx\/index.php?rest_route=%2Fwp%2Fv2%2Fmedia&parent=81740"}],"wp:term":[{"taxonomy":"category","embeddable":true,"href":"https:\/\/zonaroja.com.mx\/index.php?rest_route=%2Fwp%2Fv2%2Fcategories&post=81740"},{"taxonomy":"post_tag","embeddable":true,"href":"https:\/\/zonaroja.com.mx\/index.php?rest_route=%2Fwp%2Fv2%2Ftags&post=81740"}],"curies":[{"name":"wp","href":"https:\/\/api.w.org\/{rel}","templated":true}]}}