{"id":81744,"date":"2025-06-25T21:21:13","date_gmt":"2025-06-26T03:21:13","guid":{"rendered":"https:\/\/zonaroja.com.mx\/?p=81744"},"modified":"2025-06-25T21:21:16","modified_gmt":"2025-06-26T03:21:16","slug":"suman-seis-detenidos-por-incendio-a-tiendas-oxxo-en-juchitan","status":"publish","type":"post","link":"https:\/\/zonaroja.com.mx\/?p=81744","title":{"rendered":"Suman seis detenidos por incendio a tiendas Oxxo en Juchit\u00e1n"},"content":{"rendered":"\n<p>Redacci\u00f3n\/Zona Roja.<\/p>\n\n\n\n<p>Oaxaca, Oax., a 25 de junio de 2025.- Otras dos personas fueron detenidas como probables responsables del incendio de dos tiendas Oxxo en Juchit\u00e1n de Zaragoza, con lo cual suman seis presuntos involucrados en estos hechos registrados el pasado 16 de junio.<\/p>\n\n\n\n<p>Se trata de C.O.M., alias \u201cEl Negro\u201d, y G.R.B., alias \u201cTavo\u201d o \u201cCrico\u201d, quienes quedaron a disposici\u00f3n del Ministerio P\u00fablico para determinar su situaci\u00f3n legal, inform\u00f3 la Fiscal\u00eda General del Estado de Oaxaca.<\/p>\n\n\n\n<p>En un comunicado, dio a conocer que las aprehensiones son resultado de los trabajos de inteligencia criminal que encabeza la Fiscal\u00eda, a trav\u00e9s de la Agencia Estatal de Investigaciones (AEI), con la implementaci\u00f3n estrat\u00e9gica de la Operaci\u00f3n \u201cSable\u201d en el Istmo de Tehuantepec.<\/p>\n\n\n\n<p>Dichos incendios fueron provocados el lunes 16 de junio de 2025, en dos sucursales de la cadena de tiendas de conveniencia Oxxo de la ciudad de Juchit\u00e1n de Zaragoza, una de ellas ubicada en la calle Abasolo esquina con Rosendo Pineda, mientras que otra localizada en la calle Sa\u00fal Mart\u00ednez de la Octava Secci\u00f3n.<\/p>\n\n\n\n<p>Con las dos detenciones m\u00e1s recientes, las de C.O.M., alias \u201cEl Negro\u201d y G.R.B., alias \u201cTavo\u201d o \u201cCrico\u201d, suman cuatro personas bajo proceso penal por este caso.<\/p>\n\n\n\n<p>Las primeras cuatro capturas se llevaron a cabo el 18 de junio de 2025, en distintas zonas de la ciudad de Juchit\u00e1n de Zaragoza, las personas detenidas fueron identificadas como N.J.J.C., alias \u201cChico Bala\u201d; J.A.S.S., alias \u201cChuy\u201d; B.A.C.S., alias \u201cPapaya\u201d y C.E.BC., alias \u201cCachorro\u201d.<\/p>\n\n\n\n<p>La Fiscal\u00eda de Oaxaca, a trav\u00e9s de la AEI, detall\u00f3 que realizan trabajos conjuntos en estrecha coordinaci\u00f3n con la Defensa, la Semar, Guardia Nacional y la Secretar\u00eda de Seguridad y Protecci\u00f3n Ciudadana, como parte de la estrategia integral para restaurar la paz en la regi\u00f3n del Istmo, con la implementaci\u00f3n de la Operaci\u00f3n \u201cSable\u201d.<\/p>\n","protected":false},"excerpt":{"rendered":"<p>Redacci\u00f3n\/Zona Roja. Oaxaca, Oax., a 25 de junio de 2025.- Otras dos personas fueron detenidas&hellip;<\/p>\n","protected":false},"author":2,"featured_media":81745,"comment_status":"closed","ping_status":"open","sticky":false,"template":"","format":"standard","meta":{"_lmt_disableupdate":"","_lmt_disable":"","_jetpack_memberships_contains_paid_content":false,"footnotes":""},"categories":[109,46],"tags":[494],"class_list":["post-81744","post","type-post","status-publish","format-standard","has-post-thumbnail","hentry","category-minuto-a-minuto","category-zona-blanca","tag-fiscalia-general-del-estado-de-oaxaca"],"jetpack_featured_media_url":"https:\/\/zonaroja.com.mx\/wp-content\/uploads\/2025\/06\/Detenidos-incendio-Oxxo-Juchitan-.jpg","jetpack_sharing_enabled":true,"_links":{"self":[{"href":"https:\/\/zonaroja.com.mx\/index.php?rest_route=\/wp\/v2\/posts\/81744","targetHints":{"allow":["GET"]}}],"collection":[{"href":"https:\/\/zonaroja.com.mx\/index.php?rest_route=\/wp\/v2\/posts"}],"about":[{"href":"https:\/\/zonaroja.com.mx\/index.php?rest_route=\/wp\/v2\/types\/post"}],"author":[{"embeddable":true,"href":"https:\/\/zonaroja.com.mx\/index.php?rest_route=\/wp\/v2\/users\/2"}],"replies":[{"embeddable":true,"href":"https:\/\/zonaroja.com.mx\/index.php?rest_route=%2Fwp%2Fv2%2Fcomments&post=81744"}],"version-history":[{"count":1,"href":"https:\/\/zonaroja.com.mx\/index.php?rest_route=\/wp\/v2\/posts\/81744\/revisions"}],"predecessor-version":[{"id":81746,"href":"https:\/\/zonaroja.com.mx\/index.php?rest_route=\/wp\/v2\/posts\/81744\/revisions\/81746"}],"wp:featuredmedia":[{"embeddable":true,"href":"https:\/\/zonaroja.com.mx\/index.php?rest_route=\/wp\/v2\/media\/81745"}],"wp:attachment":[{"href":"https:\/\/zonaroja.com.mx\/index.php?rest_route=%2Fwp%2Fv2%2Fmedia&parent=81744"}],"wp:term":[{"taxonomy":"category","embeddable":true,"href":"https:\/\/zonaroja.com.mx\/index.php?rest_route=%2Fwp%2Fv2%2Fcategories&post=81744"},{"taxonomy":"post_tag","embeddable":true,"href":"https:\/\/zonaroja.com.mx\/index.php?rest_route=%2Fwp%2Fv2%2Ftags&post=81744"}],"curies":[{"name":"wp","href":"https:\/\/api.w.org\/{rel}","templated":true}]}}