{"id":81747,"date":"2025-06-25T21:22:02","date_gmt":"2025-06-26T03:22:02","guid":{"rendered":"https:\/\/zonaroja.com.mx\/?p=81747"},"modified":"2025-06-25T21:22:05","modified_gmt":"2025-06-26T03:22:05","slug":"inician-en-santa-cruz-xoxocotlan-programa-por-la-paz-y-justicia","status":"publish","type":"post","link":"https:\/\/zonaroja.com.mx\/?p=81747","title":{"rendered":"Inician en Santa Cruz Xoxocotl\u00e1n programa por la paz y justicia\u00a0"},"content":{"rendered":"\n<p>Redacci\u00f3n\/Zona Roja.<\/p>\n\n\n\n<p>Oaxaca, Oax., a 25 de junio de 2025.- Reafirmando el compromiso y la suma de esfuerzos del Gobierno Municipal de Santa Cruz Xoxocotl\u00e1n, encabezado por Nancy Ben\u00edtez Z\u00e1rate, de construir un Oaxaca m\u00e1s justo, pac\u00edfico e igualitario, arranc\u00f3 en esta demarcaci\u00f3n el programa estatal \u201cPaz con Justicia y Bienestar para el Pueblo de Oaxaca\u201d, impulsado por la Secretar\u00eda General de Gobierno del Estado, en coordinaci\u00f3n con autoridades municipales.&nbsp;<\/p>\n\n\n\n<p>En el marco del D\u00eda Naranja, conmemorado los d\u00edas 25 de cada mes, la presidenta municipal expres\u00f3:<\/p>\n\n\n\n<p>\u201cReconocemos que la paz no es solo la ausencia de violencia, sino la presencia de derechos, de servicios, de justicia social y de bienestar compartido. En ese camino, desde el gobierno municipal nos sumamos con total disposici\u00f3n, sensibilidad, responsabilidad y el compromiso de dialogar incansablemente para alcanzar la paz y la tranquilidad de las y los xoxe\u00f1os\u201d.<\/p>\n\n\n\n<p>Acompa\u00f1ada del titular de la Secretar\u00eda de Gobierno del Estado de Oaxaca (SEGO), Jes\u00fas Romero L\u00f3pez, quien exhort\u00f3 a construir la paz trabajando en equipo desde las calles, colonias, agencias y con las autoridades locales, la presidenta tambi\u00e9n firm\u00f3 el pronunciamiento \u201cPA\u2019 las oaxaque\u00f1as libres: municipios seguros\u201d.&nbsp;<\/p>\n\n\n\n<p>Con ello, se reafirma el compromiso institucional de Xoxocotl\u00e1n con la igualdad, la prevenci\u00f3n de la violencia y la garant\u00eda de los derechos de las mujeres. Como parte de esta jornada, tambi\u00e9n se llev\u00f3 a cabo el taller de&nbsp;Autocuidado Emocional y Gobernabilidad.&nbsp;<\/p>\n\n\n\n<p>Cabe destacar que el D\u00eda Naranja busca visibilizar y prevenir la violencia contra las mujeres, promoviendo acciones que garanticen su bienestar y seguridad en todos los \u00e1mbitos de la vida.<\/p>\n","protected":false},"excerpt":{"rendered":"<p>Redacci\u00f3n\/Zona Roja. Oaxaca, Oax., a 25 de junio de 2025.- Reafirmando el compromiso y la&hellip;<\/p>\n","protected":false},"author":2,"featured_media":81748,"comment_status":"closed","ping_status":"open","sticky":false,"template":"","format":"standard","meta":{"_lmt_disableupdate":"","_lmt_disable":"","_jetpack_memberships_contains_paid_content":false,"footnotes":""},"categories":[109,46],"tags":[133],"class_list":["post-81747","post","type-post","status-publish","format-standard","has-post-thumbnail","hentry","category-minuto-a-minuto","category-zona-blanca","tag-santa-cruz-xoxocotlan"],"jetpack_featured_media_url":"https:\/\/zonaroja.com.mx\/wp-content\/uploads\/2025\/06\/En-alianza-con-gobierno-estatal-arranca-en-Xoxocotlan-programa-por-la-paz-y-justicia-3.jpeg","jetpack_sharing_enabled":true,"_links":{"self":[{"href":"https:\/\/zonaroja.com.mx\/index.php?rest_route=\/wp\/v2\/posts\/81747","targetHints":{"allow":["GET"]}}],"collection":[{"href":"https:\/\/zonaroja.com.mx\/index.php?rest_route=\/wp\/v2\/posts"}],"about":[{"href":"https:\/\/zonaroja.com.mx\/index.php?rest_route=\/wp\/v2\/types\/post"}],"author":[{"embeddable":true,"href":"https:\/\/zonaroja.com.mx\/index.php?rest_route=\/wp\/v2\/users\/2"}],"replies":[{"embeddable":true,"href":"https:\/\/zonaroja.com.mx\/index.php?rest_route=%2Fwp%2Fv2%2Fcomments&post=81747"}],"version-history":[{"count":1,"href":"https:\/\/zonaroja.com.mx\/index.php?rest_route=\/wp\/v2\/posts\/81747\/revisions"}],"predecessor-version":[{"id":81749,"href":"https:\/\/zonaroja.com.mx\/index.php?rest_route=\/wp\/v2\/posts\/81747\/revisions\/81749"}],"wp:featuredmedia":[{"embeddable":true,"href":"https:\/\/zonaroja.com.mx\/index.php?rest_route=\/wp\/v2\/media\/81748"}],"wp:attachment":[{"href":"https:\/\/zonaroja.com.mx\/index.php?rest_route=%2Fwp%2Fv2%2Fmedia&parent=81747"}],"wp:term":[{"taxonomy":"category","embeddable":true,"href":"https:\/\/zonaroja.com.mx\/index.php?rest_route=%2Fwp%2Fv2%2Fcategories&post=81747"},{"taxonomy":"post_tag","embeddable":true,"href":"https:\/\/zonaroja.com.mx\/index.php?rest_route=%2Fwp%2Fv2%2Ftags&post=81747"}],"curies":[{"name":"wp","href":"https:\/\/api.w.org\/{rel}","templated":true}]}}