{"id":81759,"date":"2025-06-26T09:15:00","date_gmt":"2025-06-26T15:15:00","guid":{"rendered":"https:\/\/zonaroja.com.mx\/?p=81759"},"modified":"2025-06-26T07:37:23","modified_gmt":"2025-06-26T13:37:23","slug":"por-que-se-derrumbo-el-tunel-que-sheinbaum-inauguro-hace-5-meses-en-oaxaca","status":"publish","type":"post","link":"https:\/\/zonaroja.com.mx\/?p=81759","title":{"rendered":"\u00bfPor qu\u00e9 se derrumb\u00f3 el t\u00fanel que Sheinbaum inaugur\u00f3 hace 5 meses en Oaxaca?"},"content":{"rendered":"\n<p>Redacci\u00f3n\/Zona Roja Cdmx.<\/p>\n\n\n\n<p>Ciudad de M\u00e9xico, a 26 de junio de 2025.- En redes sociales se hizo viral el derrumbe del t\u00fanel \u2018El Tornillo\u2019 que est\u00e1 sobre la autopista Mitla-Tehuantepec, el cual fue inaugurado en enero por la presidenta Claudia Sheinbaum. Al respecto, el titular de la Secretar\u00eda de Infraestructura, Comunicaciones y Trasnportes (SICT), Jes\u00fas Esteva, inform\u00f3 sobre el posible origen del incidente.<\/p>\n\n\n\n<p>Las im\u00e1genes muestran el t\u00fanel que qued\u00f3 \u2018tapado\u2019 por enormes rocas y se atribuy\u00f3 a las intensas lluvias y deslaves ocasionados por el paso del hurac\u00e1n Erick en Oaxaca y Guerrero.<\/p>\n\n\n\n<p>Sin embargo, Jes\u00fas Esteva a\u00f1adi\u00f3 que tambi\u00e9n pudo relacionarse con al menos cuatro microsismos ocurridos en esos mismos d\u00edas.<\/p>\n\n\n\n<p>\u201cFue algo extraordinario, reportan que hubo al menos cuatro sismos fuertes que afectaron estos cimientos. Vamos a revisarlo porque fue un volumen gigantesco, pero estamos revisando la situaci\u00f3n\u201d, a\u00f1adi\u00f3 Esteva durante la conferencia \u2018ma\u00f1anera\u2019 de este mi\u00e9rcoles 25 de junio.<\/p>\n\n\n\n<p>El t\u00fanel tiene una \u201cafectaci\u00f3n grave en el centro\u201d, seg\u00fan se\u00f1al\u00f3 Jes\u00fas Esteva, quien agreg\u00f3 que a pesar de esto no hubo personas lesionadas debido al cierre carretero ante el paso del hurac\u00e1n Erick.<\/p>\n\n\n\n<p>\u201cHay un protocolo de huracanes y eso es que se cierra la autopista, ahorita se est\u00e1 evaluando. Nunca se present\u00f3 un fen\u00f3meno de esta magnitud para que cuando se determine abrir se haga con todas las condiciones de seguridad\u201d, agreg\u00f3 el funcionario.<\/p>\n\n\n\n<p>Jes\u00fas Esteva adelant\u00f3 que el pr\u00f3ximo viernes se realizar\u00e1 una reuni\u00f3n de evaluaci\u00f3n sobre las condiciones de estabilidad y con ello tambi\u00e9n se har\u00e1n investigaciones sobre las causas del derrumbe.&nbsp;<\/p>\n\n\n\n<p>Ese mismo d\u00eda se presentar\u00e1n las alternativas ante el cierre de la autopista mientras se realizan los trabajos necesarios.<\/p>\n\n\n\n<p>LA OBRA<\/p>\n\n\n\n<p>El t\u00fanel de la autopista Mitla-Tehuantepec se construy\u00f3 para garantizar la conectividad de Oaxaca con el Istmo despu\u00e9s de m\u00e1s de 15 a\u00f1os de construcci\u00f3n.<\/p>\n\n\n\n<p>Fue el expresidente Andr\u00e9s Manuel L\u00f3pez Obrador quien retom\u00f3 la obra en 2019 despu\u00e9s de que permanec\u00eda inconclusa desde 2007, hasta que finalmente fue terminada e inaugurada por Claudia Sheinbaum el pasado 25 de enero.<\/p>\n\n\n\n<p>De acuerdo con Jeanette Leyva, columnista de El Financiero, la autopista est\u00e1 concesionada a Impulsora de Desarrollo de Am\u00e9rica Latina (IDEAL), comandada por Alejandro Aboumrad, la cual forma parte de las empresas de Grupo Carso, del empresario Carlos Slim.<\/p>\n\n\n\n<p>La autopista tiene una longitud de 169.2 kil\u00f3metros y su objetivo principal es la conexi\u00f3n entre el Puerto de Salina Cruz con la ciudad de Oaxaca.<\/p>\n\n\n\n<p>El tiempo promedio de recorrido es de dos horas y media para reducir las seis u hasta ocho horas de traslado por la actual carretera federal 190.<\/p>\n\n\n\n<p>Con ello, tambi\u00e9n se contempla la activaci\u00f3n de negocios en la zona por el corredor de carga que va desde la Ciudad de Tapachula, Chiapas, hasta Puebla y Ciudad de M\u00e9xico, y servir\u00e1 de enlace entre el Corredor Interoce\u00e1nico del Istmo de Tehuantepec.<\/p>\n\n\n\n<p>(Informaci\u00f3n de \u201cEl Financiero\u201d)<\/p>\n","protected":false},"excerpt":{"rendered":"<p>Redacci\u00f3n\/Zona Roja Cdmx. Ciudad de M\u00e9xico, a 26 de junio de 2025.- En redes sociales&hellip;<\/p>\n","protected":false},"author":2,"featured_media":81760,"comment_status":"closed","ping_status":"open","sticky":false,"template":"","format":"standard","meta":{"_lmt_disableupdate":"","_lmt_disable":"","_jetpack_memberships_contains_paid_content":false,"footnotes":""},"categories":[109,46],"tags":[2953,4347],"class_list":["post-81759","post","type-post","status-publish","format-standard","has-post-thumbnail","hentry","category-minuto-a-minuto","category-zona-blanca","tag-supercarretera-oaxaca-istmo","tag-tunel-el-tornillo"],"jetpack_featured_media_url":"https:\/\/zonaroja.com.mx\/wp-content\/uploads\/2025\/06\/Puente-el-tornillo-derribado-supercarretera-Tehuantepec.jpg","jetpack_sharing_enabled":true,"_links":{"self":[{"href":"https:\/\/zonaroja.com.mx\/index.php?rest_route=\/wp\/v2\/posts\/81759","targetHints":{"allow":["GET"]}}],"collection":[{"href":"https:\/\/zonaroja.com.mx\/index.php?rest_route=\/wp\/v2\/posts"}],"about":[{"href":"https:\/\/zonaroja.com.mx\/index.php?rest_route=\/wp\/v2\/types\/post"}],"author":[{"embeddable":true,"href":"https:\/\/zonaroja.com.mx\/index.php?rest_route=\/wp\/v2\/users\/2"}],"replies":[{"embeddable":true,"href":"https:\/\/zonaroja.com.mx\/index.php?rest_route=%2Fwp%2Fv2%2Fcomments&post=81759"}],"version-history":[{"count":1,"href":"https:\/\/zonaroja.com.mx\/index.php?rest_route=\/wp\/v2\/posts\/81759\/revisions"}],"predecessor-version":[{"id":81761,"href":"https:\/\/zonaroja.com.mx\/index.php?rest_route=\/wp\/v2\/posts\/81759\/revisions\/81761"}],"wp:featuredmedia":[{"embeddable":true,"href":"https:\/\/zonaroja.com.mx\/index.php?rest_route=\/wp\/v2\/media\/81760"}],"wp:attachment":[{"href":"https:\/\/zonaroja.com.mx\/index.php?rest_route=%2Fwp%2Fv2%2Fmedia&parent=81759"}],"wp:term":[{"taxonomy":"category","embeddable":true,"href":"https:\/\/zonaroja.com.mx\/index.php?rest_route=%2Fwp%2Fv2%2Fcategories&post=81759"},{"taxonomy":"post_tag","embeddable":true,"href":"https:\/\/zonaroja.com.mx\/index.php?rest_route=%2Fwp%2Fv2%2Ftags&post=81759"}],"curies":[{"name":"wp","href":"https:\/\/api.w.org\/{rel}","templated":true}]}}