{"id":81762,"date":"2025-06-26T10:15:00","date_gmt":"2025-06-26T16:15:00","guid":{"rendered":"https:\/\/zonaroja.com.mx\/?p=81762"},"modified":"2025-06-26T10:48:13","modified_gmt":"2025-06-26T16:48:13","slug":"retoman-en-congreso-y-seccion-22-analisis-de-ley-educativa","status":"publish","type":"post","link":"https:\/\/zonaroja.com.mx\/?p=81762","title":{"rendered":"Retoman el Congreso, gobierno y la Secci\u00f3n 22, an\u00e1lisis de ley educativa"},"content":{"rendered":"\n<p>Ismael Garc\u00eda M.\/Zona Roja.<\/p>\n\n\n\n<p>Oaxaca, Oax., a 26 de junio de 2025.- Como parte de los acuerdos tras un paro de labores educativas de 24 d\u00edas, la Secci\u00f3n 22 del SNTE, el Congreso del Estado y el gobierno de Oaxaca retomaron las mesas de di\u00e1logo para reformar la ley educativa.<\/p>\n\n\n\n<p>La comisi\u00f3n redactora de la Ley Estatal de Educaci\u00f3n del magisterio, encabezada por la secretaria General Yenny Aracely P\u00e9rez Mart\u00ednez, sostuvo una reuni\u00f3n con el presidente de la Junta de Coordinaci\u00f3n Pol\u00edtica de la 66 Legislatura, Benjam\u00edn Viveros Montalvo.<\/p>\n\n\n\n<p>Lo anterior con el objetivo de revisar y dar seguimiento al tema de la Ley Estatal de Educaci\u00f3n, en cumplimiento con la minuta firmada el pasado 18 de junio durante la mesa tripartita realizada en el Centro de Convenciones de Oaxaca, inform\u00f3 la gremial.<\/p>\n\n\n\n<p>En el encuentro participaron tambi\u00e9n el consejero Jur\u00eddico del gobierno, Geovany V\u00e1squez Sagrero, y el director general del Instituto Estatal de Educaci\u00f3n P\u00fablica de Oaxaca, Emilio Montero P\u00e9rez.<\/p>\n\n\n\n<p>\u201cEsta revisi\u00f3n es un paso fundamental en la lucha por fortalecer la educaci\u00f3n p\u00fablica y garantizar el derecho de las ni\u00f1as y ni\u00f1os oaxaque\u00f1os a una formaci\u00f3n con identidad, arraigo comunitario y pertinencia ling\u00fc\u00edstica y cultural.<\/p>\n\n\n\n<p>\u201cDesde la implementaci\u00f3n del Plan para la Transformaci\u00f3n de la Educaci\u00f3n de Oaxaca (PTEO), las y los trabajadores de la educaci\u00f3n han impulsado un proyecto pedag\u00f3gico alternativo construido desde las comunidades, que reivindica los saberes ancestrales, la organizaci\u00f3n colectiva, la cosmovisi\u00f3n de los pueblos originarios y el uso de las lenguas maternas en el proceso educativo\u201d, destac\u00f3 la Secci\u00f3n 22 del Sindicato Nacional de Trabajadores de la Educaci\u00f3n.<\/p>\n\n\n\n<p>\u201cEl PTEO es la propuesta de la Secci\u00f3n 22 ante los intentos de imposici\u00f3n de pol\u00edticas educativas neoliberales. Por ello, la lucha no solo es en las calles, tambi\u00e9n la propuesta est\u00e1 en las aulas\u201d, reforz\u00f3.<\/p>\n\n\n\n<figure class=\"wp-block-image size-full\"><img decoding=\"async\" width=\"800\" height=\"600\" src=\"https:\/\/zonaroja.com.mx\/wp-content\/uploads\/2025\/06\/Seccion-22-y-Congreso-ley-educativa.jpg\" alt=\"\" class=\"wp-image-81763\" srcset=\"https:\/\/zonaroja.com.mx\/wp-content\/uploads\/2025\/06\/Seccion-22-y-Congreso-ley-educativa.jpg 800w, https:\/\/zonaroja.com.mx\/wp-content\/uploads\/2025\/06\/Seccion-22-y-Congreso-ley-educativa-300x225.jpg 300w, https:\/\/zonaroja.com.mx\/wp-content\/uploads\/2025\/06\/Seccion-22-y-Congreso-ley-educativa-768x576.jpg 768w, https:\/\/zonaroja.com.mx\/wp-content\/uploads\/2025\/06\/Seccion-22-y-Congreso-ley-educativa-585x439.jpg 585w\" sizes=\"(max-width: 800px) 100vw, 800px\" \/><\/figure>\n","protected":false},"excerpt":{"rendered":"<p>Ismael Garc\u00eda M.\/Zona Roja. Oaxaca, Oax., a 26 de junio de 2025.- Como parte de&hellip;<\/p>\n","protected":false},"author":2,"featured_media":81764,"comment_status":"closed","ping_status":"open","sticky":false,"template":"","format":"standard","meta":{"_lmt_disableupdate":"","_lmt_disable":"","_jetpack_memberships_contains_paid_content":false,"footnotes":""},"categories":[109,46],"tags":[312],"class_list":["post-81762","post","type-post","status-publish","format-standard","has-post-thumbnail","hentry","category-minuto-a-minuto","category-zona-blanca","tag-seccion-22-del-snte"],"jetpack_featured_media_url":"https:\/\/zonaroja.com.mx\/wp-content\/uploads\/2025\/06\/Reunion-Congreso-y-Seccion-22-ley-educativa.jpg","jetpack_sharing_enabled":true,"_links":{"self":[{"href":"https:\/\/zonaroja.com.mx\/index.php?rest_route=\/wp\/v2\/posts\/81762","targetHints":{"allow":["GET"]}}],"collection":[{"href":"https:\/\/zonaroja.com.mx\/index.php?rest_route=\/wp\/v2\/posts"}],"about":[{"href":"https:\/\/zonaroja.com.mx\/index.php?rest_route=\/wp\/v2\/types\/post"}],"author":[{"embeddable":true,"href":"https:\/\/zonaroja.com.mx\/index.php?rest_route=\/wp\/v2\/users\/2"}],"replies":[{"embeddable":true,"href":"https:\/\/zonaroja.com.mx\/index.php?rest_route=%2Fwp%2Fv2%2Fcomments&post=81762"}],"version-history":[{"count":2,"href":"https:\/\/zonaroja.com.mx\/index.php?rest_route=\/wp\/v2\/posts\/81762\/revisions"}],"predecessor-version":[{"id":81777,"href":"https:\/\/zonaroja.com.mx\/index.php?rest_route=\/wp\/v2\/posts\/81762\/revisions\/81777"}],"wp:featuredmedia":[{"embeddable":true,"href":"https:\/\/zonaroja.com.mx\/index.php?rest_route=\/wp\/v2\/media\/81764"}],"wp:attachment":[{"href":"https:\/\/zonaroja.com.mx\/index.php?rest_route=%2Fwp%2Fv2%2Fmedia&parent=81762"}],"wp:term":[{"taxonomy":"category","embeddable":true,"href":"https:\/\/zonaroja.com.mx\/index.php?rest_route=%2Fwp%2Fv2%2Fcategories&post=81762"},{"taxonomy":"post_tag","embeddable":true,"href":"https:\/\/zonaroja.com.mx\/index.php?rest_route=%2Fwp%2Fv2%2Ftags&post=81762"}],"curies":[{"name":"wp","href":"https:\/\/api.w.org\/{rel}","templated":true}]}}