{"id":81766,"date":"2025-06-26T11:15:00","date_gmt":"2025-06-26T17:15:00","guid":{"rendered":"https:\/\/zonaroja.com.mx\/?p=81766"},"modified":"2025-06-26T08:03:44","modified_gmt":"2025-06-26T14:03:44","slug":"preven-ampliar-numero-de-municipios-afectados-por-huracan-para-declaratoria","status":"publish","type":"post","link":"https:\/\/zonaroja.com.mx\/?p=81766","title":{"rendered":"Prev\u00e9n ampliar n\u00famero de municipios afectados por hurac\u00e1n, para declaratoria"},"content":{"rendered":"\n<p>Redacci\u00f3n\/Zona Roja.<\/p>\n\n\n\n<p>Oaxaca, Oax., a 26 de junio de 2025.- En la sesi\u00f3n del Consejo Regional de Protecci\u00f3n Civil, encabezada por el gobernador Salom\u00f3n Jara Cruz, se plante\u00f3 solicitar al Gobierno Federal una extensi\u00f3n del plazo para incluir a la Declaratoria de Desastre a municipios que presentan da\u00f1os severos provocados por el impacto del hurac\u00e1n \u201cErick\u201d.<\/p>\n\n\n\n<p>De conformidad con los requisitos establecidos por las reglas de operaci\u00f3n, 13 municipios entregaron toda la documentaci\u00f3n requerida, sin embargo, otro grupo de localidades con afectaciones presentan inconsistencias administrativas m\u00ednimas.<\/p>\n\n\n\n<p>Con el objeto de considerar a un mayor n\u00famero de municipios, la coordinadora de Asuntos Intergubernamentales y Participaci\u00f3n Social del Gobierno de M\u00e9xico, Leticia Ram\u00edrez Amaya, designada por la Presidenta Claudia Sheinbaum Pardo como responsable para la atenci\u00f3n de las y los damnificados en la regi\u00f3n de la Costa, coment\u00f3 que este jueves har\u00e1 las gestiones para buscar la inclusi\u00f3n de m\u00e1s municipios.<\/p>\n\n\n\n<p>En el balance presentado sobre las acciones ejecutadas por instituciones federales y estatales en la zona afectada, el Gobernador de Oaxaca se\u00f1al\u00f3 que es urgente restablecer el abasto de energ\u00eda el\u00e9ctrica en varias localidades. Expuso que con este servicio se agiliza la recuperaci\u00f3n de otros, como el abasto de agua.<\/p>\n\n\n\n<p>LOS AVANCES<\/p>\n\n\n\n<p>Actualmente se realizan trabajos para rehabilitar 421 kil\u00f3metros de la red carretera estatal, de los cuales, 181 se ubican en la Costa y 240 en Sierra Sur. Se han retirado 40 mil metros c\u00fabicos de deslaves y 10 mil metros c\u00fabicos de residuos.<\/p>\n\n\n\n<p>La Secretar\u00eda de Infraestructuras, Comunicaciones y Transportes (SICT) reporta trabajos en 33 caminos, en todas hay paso vehicular. El puente El Venado, en el camino a Collantes, est\u00e1 da\u00f1ado y ser\u00e1 reconstruido.<\/p>\n\n\n\n<p>Caminos Bienestar (Cabien) se\u00f1al\u00f3 que actualmente no hay acceso vehicular a la agencia de San Jos\u00e9 Ozolotepec, perteneciente al municipio de San Francisco Ozolotepec; en el cual se habilitar\u00e1 paso provisional. Ah\u00ed la Secretar\u00eda de la Defensa Nacional (Defensa) tiene programada para este jueves la entrega, v\u00eda a\u00e9rea, de 60 despensas y 240 litros de agua embotellada.<\/p>\n\n\n\n<p>El Ej\u00e9rcito tambi\u00e9n ha removido 3 mil 95 metros c\u00fabicos de escombros y tierra, tambi\u00e9n, ha repartido 8 mil 540 litros de agua potable y mil 64 litros de agua embotellada, distribuido 14 mil 975 raciones calientes de comida, brindado 356 consultas m\u00e9dicas, entre otros.<\/p>\n\n\n\n<p>La Secretar\u00eda de Marina anunci\u00f3 el reparto de 500 lonas para entregar en Corralero; adem\u00e1s, ha entregado 33 mil 700 litros de agua mediante dos plantas potabilizadoras; y realiza labores de limpieza en escuelas y avenidas.<\/p>\n\n\n\n<figure class=\"wp-block-embed is-type-rich is-provider-twitter wp-block-embed-twitter\"><div class=\"wp-block-embed__wrapper\">\n<div class=\"twitter-tweet\"><blockquote class=\"twitter-tweet\" data-lang=\"es\"><p lang=\"es\" dir=\"ltr\">CAMINANDO CON EL PUEBLO, VAMOS A PONER A LA COSTA DE PIE<br><br>Dando seguimiento a la atenci\u00f3n de las comunidades que sufrieron da\u00f1os por el paso del hurac\u00e1n Erick, escuchamos a las agencias de San Pedro Jicay\u00e1n de manera directa.<br><br>Tenemos el compromiso de apoyar a cada una de las\u2026 <a href=\"https:\/\/t.co\/JvJAeRyTVN\">pic.twitter.com\/JvJAeRyTVN<\/a><\/p>&mdash; Salom\u00f3n Jara Cruz (@salomonj) <a href=\"https:\/\/twitter.com\/salomonj\/status\/1938057706734080212?ref_src=twsrc%5Etfw\">26 de junio de 2025<\/a><\/blockquote><\/div>\n<\/div><\/figure>\n\n\n\n<p>&nbsp;ENERG\u00cdA EL\u00c9CTRICA<\/p>\n\n\n\n<p>En cuanto a la red de transmisi\u00f3n de la energ\u00eda el\u00e9ctrica, se reporta un avance del 72 por ciento en el reemplazo de estructuras colapsadas; y el mismo porcentaje respecto a la atenci\u00f3n de postes da\u00f1ados.<\/p>\n\n\n\n<p>Adem\u00e1s, la Comisi\u00f3n Federal de Electricidad (CFE) se\u00f1al\u00f3 que reubica 2 kil\u00f3metros de l\u00ednea de media tensi\u00f3n sobre la v\u00eda p\u00fablica; el cual registra un avance del 94 por ciento; y para el reforzamiento de la infraestructura ha llevado a cabo 908 actividades, con un progreso del 61 por ciento.<\/p>\n\n\n\n<p>A trav\u00e9s de la Comisi\u00f3n Nacional del Agua (Conagua) se han potabilizado 63 mil 100 litros y se entregaron 279 mil 500 litros mediante camiones cisterna. En la localidad de Chacahua Isla instal\u00f3 una planta potabilizadora. Por su parte, la Comisi\u00f3n Estatal del Agua para el Bienestar (Ceabien) ha distribuido un mill\u00f3n 10 mil litros en 14 localidades afectadas por el hurac\u00e1n Erick, a trav\u00e9s de 101 pipas. Al d\u00eda se dotan 24 o 25 pipas en promedio.<\/p>\n\n\n\n<p>Alista operaci\u00f3n de los sistemas de agua potable en algunos municipios, donde ya se ha restablecido el servicio de energ\u00eda el\u00e9ctrica; lo cual es prioritario para ampliar el suministro del l\u00edquido.<\/p>\n\n\n\n<p>En materia de salud, se han dado mil 214 atenciones m\u00e9dicas, se han entregado 45 paquetes de medicamentos con 250 piezas cada uno, lo que ha dotado a las 73 unidades de primer nivel y 7 hospitales; no hay brotes epidemiol\u00f3gicos gracias a las mil 445 acciones de vigilancia implementadas y las nebulizaciones realizadas.<\/p>\n\n\n\n<p>Al d\u00eda de hoy, se han censado 11 mil 604 viviendas y comercios con da\u00f1os, a trav\u00e9s de 194 brigadas desplegadas en la zona por la Secretar\u00eda del Bienestar.<\/p>\n\n\n\n<p>En el campo se han identificado afectaciones generalizadas en cultivos agr\u00edcolas, ganader\u00eda y pesca en 16 municipios de la regi\u00f3n Costa, en donde se contabilizado mil 650 hect\u00e1reas con da\u00f1os, de las cuales, 750 son de papaya, 150 de pl\u00e1tano, 300 de lim\u00f3n, 350 de palma de coco y 100 de mango. Tan solo en papaya se cuantifica el da\u00f1o en m\u00e1s de 200 millones de pesos.<\/p>\n\n\n\n<p>El 30 por ciento de cercos perimetrales en corrales registraron da\u00f1os, animales muertos por ca\u00edda de \u00e1rboles y da\u00f1os en ma\u00edz forrajero. En pesca, 191 motores son p\u00e9rdida total, al igual que 174 lanchas; y de manera parcial, 49 motores y 20 lanchas.<\/p>\n\n\n\n<p>El Sistema DIF Oaxaca report\u00f3 la entrega de 16 mil 350 canasta alimentarias en 16 municipios coste\u00f1os en donde impact\u00f3 el meteoro. En tanto, la Secretar\u00eda de Seguridad y Protecci\u00f3n Ciudadana (SSPC) ha&nbsp;dado 870.<\/p>\n\n\n\n<p>Para supervisar la infraestructura, el Gobierno de Oaxaca ha desplegado 6 brigadas, las cuales trabajan en el desmantelamiento de estructuras que colapsaron y en la limpieza de espacios educativos.<\/p>\n\n\n\n<p>Ayer mi\u00e9rcoles, el mandatario Jara Cruz recorri\u00f3 diversas comunidades de al menos seis municipios de la Costa chica, con la finalidad de seguir atendiendo personalmente la emergencia.<\/p>\n\n\n\n<figure class=\"wp-block-embed is-type-rich is-provider-twitter wp-block-embed-twitter\"><div class=\"wp-block-embed__wrapper\">\n<div class=\"twitter-tweet\"><blockquote class=\"twitter-tweet\" data-lang=\"es\"><p lang=\"es\" dir=\"ltr\">CON ATENCI\u00d3N DIRECTA EN LAS COMUNIDADES, VAMOS A PONER A LA COSTA DE PIE<br><br>Nuestro trabajo en territorio se mantiene y venimos a San Pedro Orizaba en San Juan Bautista Lo de Soto, para seguir sumando esfuerzos y apoyar a nuestras y nuestros paisanos en la Costa, ante los da\u00f1os\u2026 <a href=\"https:\/\/t.co\/29RbxU3K6w\">pic.twitter.com\/29RbxU3K6w<\/a><\/p>&mdash; Salom\u00f3n Jara Cruz (@salomonj) <a href=\"https:\/\/twitter.com\/salomonj\/status\/1937940581319077894?ref_src=twsrc%5Etfw\">25 de junio de 2025<\/a><\/blockquote><\/div>\n<\/div><\/figure>\n","protected":false},"excerpt":{"rendered":"<p>Redacci\u00f3n\/Zona Roja. Oaxaca, Oax., a 26 de junio de 2025.- En la sesi\u00f3n del Consejo&hellip;<\/p>\n","protected":false},"author":2,"featured_media":81767,"comment_status":"closed","ping_status":"open","sticky":false,"template":"","format":"standard","meta":{"_lmt_disableupdate":"","_lmt_disable":"","_jetpack_memberships_contains_paid_content":false,"footnotes":""},"categories":[109,46],"tags":[939],"class_list":["post-81766","post","type-post","status-publish","format-standard","has-post-thumbnail","hentry","category-minuto-a-minuto","category-zona-blanca","tag-salomon-jara-cruz"],"jetpack_featured_media_url":"https:\/\/zonaroja.com.mx\/wp-content\/uploads\/2025\/06\/Consejo-proteccion-civil-gobernador-Jara-Cruz.jpeg","jetpack_sharing_enabled":true,"_links":{"self":[{"href":"https:\/\/zonaroja.com.mx\/index.php?rest_route=\/wp\/v2\/posts\/81766","targetHints":{"allow":["GET"]}}],"collection":[{"href":"https:\/\/zonaroja.com.mx\/index.php?rest_route=\/wp\/v2\/posts"}],"about":[{"href":"https:\/\/zonaroja.com.mx\/index.php?rest_route=\/wp\/v2\/types\/post"}],"author":[{"embeddable":true,"href":"https:\/\/zonaroja.com.mx\/index.php?rest_route=\/wp\/v2\/users\/2"}],"replies":[{"embeddable":true,"href":"https:\/\/zonaroja.com.mx\/index.php?rest_route=%2Fwp%2Fv2%2Fcomments&post=81766"}],"version-history":[{"count":1,"href":"https:\/\/zonaroja.com.mx\/index.php?rest_route=\/wp\/v2\/posts\/81766\/revisions"}],"predecessor-version":[{"id":81768,"href":"https:\/\/zonaroja.com.mx\/index.php?rest_route=\/wp\/v2\/posts\/81766\/revisions\/81768"}],"wp:featuredmedia":[{"embeddable":true,"href":"https:\/\/zonaroja.com.mx\/index.php?rest_route=\/wp\/v2\/media\/81767"}],"wp:attachment":[{"href":"https:\/\/zonaroja.com.mx\/index.php?rest_route=%2Fwp%2Fv2%2Fmedia&parent=81766"}],"wp:term":[{"taxonomy":"category","embeddable":true,"href":"https:\/\/zonaroja.com.mx\/index.php?rest_route=%2Fwp%2Fv2%2Fcategories&post=81766"},{"taxonomy":"post_tag","embeddable":true,"href":"https:\/\/zonaroja.com.mx\/index.php?rest_route=%2Fwp%2Fv2%2Ftags&post=81766"}],"curies":[{"name":"wp","href":"https:\/\/api.w.org\/{rel}","templated":true}]}}