{"id":8177,"date":"2020-01-29T09:03:11","date_gmt":"2020-01-29T15:03:11","guid":{"rendered":"http:\/\/www.zonaroja.com.mx\/?p=8177"},"modified":"2020-01-29T09:03:20","modified_gmt":"2020-01-29T15:03:20","slug":"indispensable-conocer-la-ley-para-erradicar-la-violencia-de-genero-conavim","status":"publish","type":"post","link":"https:\/\/zonaroja.com.mx\/?p=8177","title":{"rendered":"Indispensable conocer la ley para erradicar la violencia de g\u00e9nero: Conavim"},"content":{"rendered":"\n<p>Evlin Arag\u00f3n\/Zona Roja.<\/p>\n\n\n\n<p>Oaxaca de Ju\u00e1rez, Oax., 29 de enero de\n2020.- En su m\u00e1s reciente visita a la capital de Oaxaca. la titular de la\nComisi\u00f3n Nacional para Prevenir y Erradicar la Violencia contra las Mujeres,\n(Conavim), Candelaria Ochoa \u00c1valos, asegur\u00f3 que es fundamental que las mujeres\nde todas las edades conozcan y reconozcan los tipos de violencia de g\u00e9nero\nexistentes y sus modalidades, as\u00ed como su derecho a vivir libre de estas.<\/p>\n\n\n\n<p>Por lo anterior y ante la presencia de\ndecenas de mujeres j\u00f3venes, realiz\u00f3 la presentaci\u00f3n ilustrada de la Ley General\nde Acceso de las Mujeres a una Vida Libre de Violencia, promulgada en el 2007,\nla cual asegur\u00f3 debe ser parte de las lecturas obligatorias de las mujeres ya\nque evidencia la existencia de la violencia f\u00edsica, psicol\u00f3gica, sexual,\npatrimonial y econ\u00f3mica, as\u00ed como las instancias encargadas de garantizar a las\nmujeres vivir sin maltrato.&nbsp; <\/p>\n\n\n\n<p>\u201cNos propusimos editar esta Ley, para\nacercar la a todas las manos y las mentes; para retar al desconocimiento y la\nimpunidad; para retar a la indiferencia. Porque es un deber \u00e9tico acercar las\nleyes a la ciudadan\u00eda\u201d, dijo la funcionaria federal en el marco de la\npublicaci\u00f3n.<\/p>\n\n\n\n<p>Ochoa \u00c1valos aprovech\u00f3 el acercamiento\ncon las y los j\u00f3venes para recordar que siete de cada 10 mujeres han vivido\nalguno de los cinco tipos de violencia a lo largo de su vida y que siete de\ncada 10 feminicidios son cometidos por las parejas sentimentales de las\nv\u00edctimas lo cual habla de la gravedad de la violencia de g\u00e9nero y feminicida en\nM\u00e9xico, muchas veces cometidas al interior de la familia. <\/p>\n\n\n\n<p>Sin embargo, no siempre sucede as\u00ed ya\nque el \u00e1mbito p\u00fablico -escuelas, lugares de trabajo, espacios p\u00fablicos y\ncomunitarios- tambi\u00e9n registra una importante incidencia violenta, prueba de\nello la inequidad en el acceso a la propiedad ya que \u00fanicamente el 30 por\nciento de las casas est\u00e1n a nombre de las mujeres en el Registro P\u00fablico de la\nPropiedad, mientras que en el campo s\u00f3lo el cinco por ciento de la propiedad\ncomunal le pertenece a las mujeres. <\/p>\n\n\n\n<p>As\u00ed mismo, explic\u00f3 que la m\u00e1s reciente\nedici\u00f3n de la ley est\u00e1 dise\u00f1ada exclusivamente para generar un mejor\nentendimiento, sin tecnicismo y m\u00e1s cercana a la comunidad joven, aunque no de\nforma exclusiva, por lo que est\u00e1 completamente ilustrada por Martha Barrag\u00e1n\nM\u00e9ndez. <\/p>\n\n\n\n<p>Esta versi\u00f3n incluye los 60 art\u00edculos\nque hablan tambi\u00e9n de la violencia feminicida, las \u00f3rdenes de protecci\u00f3n, del\nSistema Nacional y el Programa Integral para Prevenir, Atender, Sancionad y\nErradicar la Violencia Contra las Mujeres, las dependencias encargadas de\ngarantizar los derechos de las mujeres, atenci\u00f3n y refugios para v\u00edctimas.<\/p>\n\n\n\n<p>\u201cEsta ley debe servirnos para imaginar,\ncrear y hacer posible otros tipos de sentidos a nuestras vidas, otros lenguajes\ny c\u00f3digos sus nos ayuden a vivir vidas m\u00e1s y generosas\u201d, dijo, a la par que\ndetall\u00f3 que si es posible garantizar vidas libres de violencia para las mujeres\ny las ni\u00f1as en M\u00e9xico. <\/p>\n\n\n\n<p>Recalc\u00f3 que conocer los tipos y\nmodalidades de violencia permitir\u00e1 fortalecer la cultura de la denuncia,\nmientras que saber sobre la obligaci\u00f3n del estado de garantizar una vida libre\nde maltrato permitir\u00e1 a largo plazo la erradicaci\u00f3n de la violencia de g\u00e9nero y\nfeminicida.<\/p>\n","protected":false},"excerpt":{"rendered":"<p>Evlin Arag\u00f3n\/Zona Roja. Oaxaca de Ju\u00e1rez, Oax., 29 de enero de 2020.- En su m\u00e1s&hellip;<\/p>\n","protected":false},"author":2,"featured_media":4207,"comment_status":"closed","ping_status":"open","sticky":false,"template":"","format":"standard","meta":{"_lmt_disableupdate":"","_lmt_disable":"","_jetpack_memberships_contains_paid_content":false,"footnotes":""},"categories":[109,47],"tags":[1329,858],"class_list":["post-8177","post","type-post","status-publish","format-standard","has-post-thumbnail","hentry","category-minuto-a-minuto","category-zona-gris","tag-comision-nacional-para-prevenir-y-erradicar-la-violencia-contra-las-mujeres","tag-conavim"],"jetpack_featured_media_url":"https:\/\/zonaroja.com.mx\/wp-content\/uploads\/2019\/09\/Alerta-violencia-de-g\u00e9nero.jpg","jetpack_sharing_enabled":true,"_links":{"self":[{"href":"https:\/\/zonaroja.com.mx\/index.php?rest_route=\/wp\/v2\/posts\/8177","targetHints":{"allow":["GET"]}}],"collection":[{"href":"https:\/\/zonaroja.com.mx\/index.php?rest_route=\/wp\/v2\/posts"}],"about":[{"href":"https:\/\/zonaroja.com.mx\/index.php?rest_route=\/wp\/v2\/types\/post"}],"author":[{"embeddable":true,"href":"https:\/\/zonaroja.com.mx\/index.php?rest_route=\/wp\/v2\/users\/2"}],"replies":[{"embeddable":true,"href":"https:\/\/zonaroja.com.mx\/index.php?rest_route=%2Fwp%2Fv2%2Fcomments&post=8177"}],"version-history":[{"count":1,"href":"https:\/\/zonaroja.com.mx\/index.php?rest_route=\/wp\/v2\/posts\/8177\/revisions"}],"predecessor-version":[{"id":8178,"href":"https:\/\/zonaroja.com.mx\/index.php?rest_route=\/wp\/v2\/posts\/8177\/revisions\/8178"}],"wp:featuredmedia":[{"embeddable":true,"href":"https:\/\/zonaroja.com.mx\/index.php?rest_route=\/wp\/v2\/media\/4207"}],"wp:attachment":[{"href":"https:\/\/zonaroja.com.mx\/index.php?rest_route=%2Fwp%2Fv2%2Fmedia&parent=8177"}],"wp:term":[{"taxonomy":"category","embeddable":true,"href":"https:\/\/zonaroja.com.mx\/index.php?rest_route=%2Fwp%2Fv2%2Fcategories&post=8177"},{"taxonomy":"post_tag","embeddable":true,"href":"https:\/\/zonaroja.com.mx\/index.php?rest_route=%2Fwp%2Fv2%2Ftags&post=8177"}],"curies":[{"name":"wp","href":"https:\/\/api.w.org\/{rel}","templated":true}]}}