{"id":81774,"date":"2025-06-26T11:22:00","date_gmt":"2025-06-26T17:22:00","guid":{"rendered":"https:\/\/zonaroja.com.mx\/?p=81774"},"modified":"2025-06-26T08:25:02","modified_gmt":"2025-06-26T14:25:02","slug":"en-operativo-en-la-mixteca-recuperan-tres-vehiculos-robados-hay-un-detenido","status":"publish","type":"post","link":"https:\/\/zonaroja.com.mx\/?p=81774","title":{"rendered":"En operativo en la Mixteca, recuperan tres veh\u00edculos robados; hay un detenido"},"content":{"rendered":"\n<p>Redacci\u00f3n\/Zona Roja.<\/p>\n\n\n\n<p>Oaxaca, Oax., a 26 de junio de 2025.- Derivado de trabajos de inteligencia criminal, la Fiscal\u00eda General del Estado de Oaxaca (FGEO) logr\u00f3 el aseguramiento de tres veh\u00edculos, as\u00ed&nbsp; como la detenci\u00f3n de una persona en flagrancia, hechos ocurridos en la regi\u00f3n de la Mixteca.<\/p>\n\n\n\n<p>Los aseguramientos fueron realizados por personal ministerial de la Vicefiscal\u00eda Regional de la Mixteca junto con elementos de la Agencia Estatal de Investigaciones, como resultado de los trabajos ministeriales y operativos que se realizan en las diferentes zonas de la regi\u00f3n.<\/p>\n\n\n\n<p>El primer veh\u00edculo fue ubicado en San Pedro Yododuxi lugar en el que localizaron una camioneta blanca Nissan, la cual ten\u00eda reporte de robo en la ciudad de Oaxaca, mientras que el segundo veh\u00edculo asegurado fue una Pick Up marca JAC, localizada en Huajuapan de Le\u00f3n, ciudad en la que ten\u00eda reporte de robo.<\/p>\n\n\n\n<p>Asimismo, la FGEO asegur\u00f3 un tercer veh\u00edculo, marca Volkswagen tipo Jetta que fue localizado en la zona de la agencia el Molino, perteneciente a Huajuapan de Le\u00f3n, adem\u00e1s se realiz\u00f3 la detenci\u00f3n de una persona del sexo masculino por el delito de equiparado al robo de veh\u00edculo, por lo que fue presentada ante la autoridad correspondiente para que se determinar\u00e1 su situaci\u00f3n jur\u00eddica.<\/p>\n\n\n\n<p>La Fiscal\u00eda de Oaxaca realiza trabajos para combatir la comisi\u00f3n de delitos que afectan el patrimonio de la poblaci\u00f3n en distintas regiones de la entidad, con el objetivo de garantizar un adecuado acceso a la procuraci\u00f3n de justicia.&nbsp;<\/p>\n\n\n\n<p>SENTENCIADO<\/p>\n\n\n\n<p>En otro caso, la Fiscal\u00eda General obtuvo una sentencia condenatoria de 53 a\u00f1os y tres meses de prisi\u00f3n en contra de una persona identificada como L\u00e1zaro R.H. o L\u00e1zaro A..R.H., por la comisi\u00f3n del delito de violaci\u00f3n equiparada agravada en agravio de una persona diagnosticada con una discapacidad intelectual, cometido en la regi\u00f3n de los Valles Centrales.<\/p>\n\n\n\n<p>De acuerdo con lo asentado en el expediente penal, los hechos sucedieron en diferentes fechas de los a\u00f1os 2010 y 2020, en un domicilio particular ubicado en la calle Emiliano Zapata del Barrio Arriba perteneciente al municipio de Nazareno Etla, sitio en donde la v\u00edctima -cuya identidad est\u00e1 reservada por ley-, quien sufri\u00f3 agresiones sexuales por parte de L\u00e1zaro R.H., o L\u00e1zaro R.H.,<\/p>\n\n\n\n<p>Luego de tener conocimiento de los hechos, la Fiscal\u00eda de Oaxaca a trav\u00e9s de la Vicefiscal\u00eda General de Control Regional inici\u00f3 la carpeta de investigaci\u00f3n correspondiente y realiz\u00f3 los trabajos ministeriales con perspectiva de infancia y g\u00e9nero, lo que permiti\u00f3 obtener una orden de aprehensi\u00f3n contra el hoy sentenciado y con ello, llevarlo ante el Juez que lo requiri\u00f3.<\/p>\n\n\n\n<p>En audiencia y tras validar los datos de prueba proporcionados por la FGEO, el Juez en turno dict\u00f3 sentencia condenatoria de 53 a\u00f1os y tres meses de prisi\u00f3n en contra de L\u00e1zaro R.H. o L\u00e1zaro A.R.H., por su responsabilidad en la comisi\u00f3n del delito de violaci\u00f3n equiparada agravada, adem\u00e1s de imponer una multa econ\u00f3mica y el pago por reparaci\u00f3n del da\u00f1o.<\/p>\n","protected":false},"excerpt":{"rendered":"<p>Redacci\u00f3n\/Zona Roja. Oaxaca, Oax., a 26 de junio de 2025.- Derivado de trabajos de inteligencia&hellip;<\/p>\n","protected":false},"author":2,"featured_media":81775,"comment_status":"closed","ping_status":"open","sticky":false,"template":"","format":"standard","meta":{"_lmt_disableupdate":"","_lmt_disable":"","_jetpack_memberships_contains_paid_content":false,"footnotes":""},"categories":[109,46],"tags":[494],"class_list":["post-81774","post","type-post","status-publish","format-standard","has-post-thumbnail","hentry","category-minuto-a-minuto","category-zona-blanca","tag-fiscalia-general-del-estado-de-oaxaca"],"jetpack_featured_media_url":"https:\/\/zonaroja.com.mx\/wp-content\/uploads\/2025\/06\/Vehiculos-recuperados-Mixteca-Fiscalia.jpg","jetpack_sharing_enabled":true,"_links":{"self":[{"href":"https:\/\/zonaroja.com.mx\/index.php?rest_route=\/wp\/v2\/posts\/81774","targetHints":{"allow":["GET"]}}],"collection":[{"href":"https:\/\/zonaroja.com.mx\/index.php?rest_route=\/wp\/v2\/posts"}],"about":[{"href":"https:\/\/zonaroja.com.mx\/index.php?rest_route=\/wp\/v2\/types\/post"}],"author":[{"embeddable":true,"href":"https:\/\/zonaroja.com.mx\/index.php?rest_route=\/wp\/v2\/users\/2"}],"replies":[{"embeddable":true,"href":"https:\/\/zonaroja.com.mx\/index.php?rest_route=%2Fwp%2Fv2%2Fcomments&post=81774"}],"version-history":[{"count":1,"href":"https:\/\/zonaroja.com.mx\/index.php?rest_route=\/wp\/v2\/posts\/81774\/revisions"}],"predecessor-version":[{"id":81776,"href":"https:\/\/zonaroja.com.mx\/index.php?rest_route=\/wp\/v2\/posts\/81774\/revisions\/81776"}],"wp:featuredmedia":[{"embeddable":true,"href":"https:\/\/zonaroja.com.mx\/index.php?rest_route=\/wp\/v2\/media\/81775"}],"wp:attachment":[{"href":"https:\/\/zonaroja.com.mx\/index.php?rest_route=%2Fwp%2Fv2%2Fmedia&parent=81774"}],"wp:term":[{"taxonomy":"category","embeddable":true,"href":"https:\/\/zonaroja.com.mx\/index.php?rest_route=%2Fwp%2Fv2%2Fcategories&post=81774"},{"taxonomy":"post_tag","embeddable":true,"href":"https:\/\/zonaroja.com.mx\/index.php?rest_route=%2Fwp%2Fv2%2Ftags&post=81774"}],"curies":[{"name":"wp","href":"https:\/\/api.w.org\/{rel}","templated":true}]}}