{"id":81778,"date":"2025-06-26T18:33:49","date_gmt":"2025-06-27T00:33:49","guid":{"rendered":"https:\/\/zonaroja.com.mx\/?p=81778"},"modified":"2025-06-26T18:33:51","modified_gmt":"2025-06-27T00:33:51","slug":"oaxaca-entre-los-estados-mas-de-basicos-caros-en-lo-que-va-del-2025","status":"publish","type":"post","link":"https:\/\/zonaroja.com.mx\/?p=81778","title":{"rendered":"Oaxaca, entre los estados m\u00e1s de b\u00e1sicos caros en lo que va del 2025"},"content":{"rendered":"\n<p>Lisbeth Mej\u00eda Reyes\/Zona Roja.<\/p>\n\n\n\n<p>Oaxaca, Oax., a 26 de junio de 2025.- Con una poblaci\u00f3n de 4.3 millones y de la que 58 de cada 100 personas vive con alg\u00fan grado de pobreza econ\u00f3mica (seg\u00fan la Secretar\u00eda de Bienestar federal), el estado de Oaxaca es uno de los m\u00e1s caros del pa\u00eds, como se\u00f1ala el Instituto Nacional de Estad\u00edstica y Geograf\u00eda (Inegi).<\/p>\n\n\n\n<p>La entidad se ha ubicado entre las m\u00e1s caras al menos en los primeros seis meses de este 2025, de acuerdo con el \u00cdndice Nacional de Precios al Consumidor (INPC) que elabora el Inegi y mediante el cual se mide el cambio promedio de los precios de productos y servicios generalmente consumidos en los hogares.<\/p>\n\n\n\n<p>Con base en esa medici\u00f3n del aumento en los precios de los productos, el estado se ubic\u00f3 en el mes de marzo como el tercero m\u00e1s caro (solamente por debajo de Ciudad de M\u00e9xico y Jalisco).&nbsp;<\/p>\n\n\n\n<p>En la primera quincena de mayo, se coloc\u00f3 en el segundo lugar m\u00e1s caro, despu\u00e9s de Tabasco. En tanto, para la primera quincena de junio estaba en el cuarto lugar nacional, superado \u00fanicamente por Quer\u00e9taro, Chiapas y Baja California.<\/p>\n\n\n\n<p>As\u00ed como el estado, tambi\u00e9n la capital del mismo se ha colocado entre las ciudades m\u00e1s caras para vivir, incluso por encima de ciudades del norte y del centro del pa\u00eds.&nbsp;<\/p>\n\n\n\n<p>En algunos reportes del INCP, tambi\u00e9n ha figurado Tehuantepec, regi\u00f3n, Istmo, como otras de las ciudades del estado y del pa\u00eds m\u00e1s caras.<\/p>\n\n\n\n<p>Por ejemplo, en la primera quincena de marzo y en la primera de junio, la capital oaxaque\u00f1a se ubic\u00f3 en el s\u00e9ptimo sitio de las m\u00e1s caras. Es decir, donde aumentaron m\u00e1s los precios de los productos y servicios contemplados en la medici\u00f3n del \u00edndice.&nbsp;<\/p>\n\n\n\n<p>Para la primera quincena de junio de este a\u00f1o, el \u00cdndice Nacional de Precios se\u00f1ala que los productos que m\u00e1s aumentaron sus precios impactando en la inflaci\u00f3n general fueron los siguientes: vivienda propia; transporte a\u00e9reo; loncher\u00edas, fondas, torter\u00edas y taquer\u00edas, as\u00ed como carne de res y carne de cerdo, con incrementos en sus precios.&nbsp;<\/p>\n\n\n\n<p>En contraste, el jitomate, &nbsp;la papaya, la calabacita y la electricidad disminuyeron sus precios.<\/p>\n","protected":false},"excerpt":{"rendered":"<p>Lisbeth Mej\u00eda Reyes\/Zona Roja. Oaxaca, Oax., a 26 de junio de 2025.- Con una poblaci\u00f3n&hellip;<\/p>\n","protected":false},"author":2,"featured_media":70265,"comment_status":"closed","ping_status":"open","sticky":false,"template":"","format":"standard","meta":{"_lmt_disableupdate":"","_lmt_disable":"","_jetpack_memberships_contains_paid_content":false,"footnotes":""},"categories":[109,46],"tags":[],"class_list":["post-81778","post","type-post","status-publish","format-standard","has-post-thumbnail","hentry","category-minuto-a-minuto","category-zona-blanca"],"jetpack_featured_media_url":"https:\/\/zonaroja.com.mx\/wp-content\/uploads\/2024\/07\/Canasta-basica-inflacion.jpeg","jetpack_sharing_enabled":true,"_links":{"self":[{"href":"https:\/\/zonaroja.com.mx\/index.php?rest_route=\/wp\/v2\/posts\/81778","targetHints":{"allow":["GET"]}}],"collection":[{"href":"https:\/\/zonaroja.com.mx\/index.php?rest_route=\/wp\/v2\/posts"}],"about":[{"href":"https:\/\/zonaroja.com.mx\/index.php?rest_route=\/wp\/v2\/types\/post"}],"author":[{"embeddable":true,"href":"https:\/\/zonaroja.com.mx\/index.php?rest_route=\/wp\/v2\/users\/2"}],"replies":[{"embeddable":true,"href":"https:\/\/zonaroja.com.mx\/index.php?rest_route=%2Fwp%2Fv2%2Fcomments&post=81778"}],"version-history":[{"count":1,"href":"https:\/\/zonaroja.com.mx\/index.php?rest_route=\/wp\/v2\/posts\/81778\/revisions"}],"predecessor-version":[{"id":81779,"href":"https:\/\/zonaroja.com.mx\/index.php?rest_route=\/wp\/v2\/posts\/81778\/revisions\/81779"}],"wp:featuredmedia":[{"embeddable":true,"href":"https:\/\/zonaroja.com.mx\/index.php?rest_route=\/wp\/v2\/media\/70265"}],"wp:attachment":[{"href":"https:\/\/zonaroja.com.mx\/index.php?rest_route=%2Fwp%2Fv2%2Fmedia&parent=81778"}],"wp:term":[{"taxonomy":"category","embeddable":true,"href":"https:\/\/zonaroja.com.mx\/index.php?rest_route=%2Fwp%2Fv2%2Fcategories&post=81778"},{"taxonomy":"post_tag","embeddable":true,"href":"https:\/\/zonaroja.com.mx\/index.php?rest_route=%2Fwp%2Fv2%2Ftags&post=81778"}],"curies":[{"name":"wp","href":"https:\/\/api.w.org\/{rel}","templated":true}]}}