{"id":81780,"date":"2025-06-26T19:44:14","date_gmt":"2025-06-27T01:44:14","guid":{"rendered":"https:\/\/zonaroja.com.mx\/?p=81780"},"modified":"2025-06-26T19:44:16","modified_gmt":"2025-06-27T01:44:16","slug":"refuerzan-en-oaxaca-capital-la-capacitacion-en-materia-de-seguridad","status":"publish","type":"post","link":"https:\/\/zonaroja.com.mx\/?p=81780","title":{"rendered":"Refuerzan en Oaxaca capital la capacitaci\u00f3n en materia de seguridad\u00a0"},"content":{"rendered":"\n<p>Redacci\u00f3n\/Zona Roja.<\/p>\n\n\n\n<p>Oaxaca, Oax., a 26 de junio de 2025.- Con el objetivo de brindar herramientas actualizadas en materia de seguridad nacional a las y los servidores p\u00fablicos del ayuntamiento de Oaxaca Ju\u00e1rez, el presidente municipal Ray Chagoya particip\u00f3 en la conferencia &nbsp;\u201cSeguridad Nacional: principios, riesgos, estrategias y coordinaci\u00f3n interinstitucional\u201d impartida por el General de Grupo Piloto Aviador de Estado Mayor, V\u00edctor Buend\u00eda P\u00e9rez, actual Comandante Interino de la Base A\u00e9rea Militar 15.<\/p>\n\n\n\n<p>Durante el encuentro realizado en el Sal\u00f3n Ex Presidentes, el edil capitalino subray\u00f3 que \u201ctener derecho a una ciudad segura significa contar con instituciones eficaces, marcos legales firmes y pol\u00edticas p\u00fablicas que protejan la vida, el patrimonio y las libertades de la poblaci\u00f3n. La seguridad debe entenderse como una responsabilidad compartida y una garant\u00eda respaldada por el Estado en todos sus niveles\u201d.<\/p>\n\n\n\n<p>La jornada formativa reuni\u00f3 a integrantes de la Secretar\u00eda de Seguridad Vecinal, as\u00ed como titulares de diversas \u00e1reas administrativas del municipio, quienes dialogaron sobre los nuevos desaf\u00edos en materia de protecci\u00f3n ciudadana, que hoy trascienden el \u00e1mbito tradicional para incluir riesgos como el crimen organizado, los ciberataques, la desinformaci\u00f3n y los conflictos globales.<\/p>\n\n\n\n<p>El presidente municipal destac\u00f3 la importancia de consolidar la cooperaci\u00f3n entre instituciones civiles y militares, en un marco de legalidad y respeto, y reconoci\u00f3 la trayectoria del General Buend\u00eda como un referente nacional en estrategia y defensa.<\/p>\n\n\n\n<p>\u201cLa seguridad nacional no es ajena al \u00e1mbito municipal; hoy los gobiernos locales debemos asumir nuestro papel en la prevenci\u00f3n, la inteligencia territorial y la articulaci\u00f3n de esfuerzos para mantener el orden y la estabilidad social\u201d, afirm\u00f3 Chagoya.<\/p>\n\n\n\n<p>El ayuntamiento reafirma as\u00ed su compromiso con la capacitaci\u00f3n continua, la cultura de la prevenci\u00f3n y el fortalecimiento de la gobernabilidad, en favor de una ciudad m\u00e1s segura y en paz para todas y todos.<\/p>\n","protected":false},"excerpt":{"rendered":"<p>Redacci\u00f3n\/Zona Roja. Oaxaca, Oax., a 26 de junio de 2025.- Con el objetivo de brindar&hellip;<\/p>\n","protected":false},"author":2,"featured_media":81781,"comment_status":"closed","ping_status":"open","sticky":false,"template":"","format":"standard","meta":{"_lmt_disableupdate":"","_lmt_disable":"","_jetpack_memberships_contains_paid_content":false,"footnotes":""},"categories":[109,46],"tags":[148],"class_list":["post-81780","post","type-post","status-publish","format-standard","has-post-thumbnail","hentry","category-minuto-a-minuto","category-zona-blanca","tag-oaxaca-de-juarez"],"jetpack_featured_media_url":"https:\/\/zonaroja.com.mx\/wp-content\/uploads\/2025\/06\/Capacitacion-seguridad-nacional-Raymundo-Chagoya-Oaxaca.jpg","jetpack_sharing_enabled":true,"_links":{"self":[{"href":"https:\/\/zonaroja.com.mx\/index.php?rest_route=\/wp\/v2\/posts\/81780","targetHints":{"allow":["GET"]}}],"collection":[{"href":"https:\/\/zonaroja.com.mx\/index.php?rest_route=\/wp\/v2\/posts"}],"about":[{"href":"https:\/\/zonaroja.com.mx\/index.php?rest_route=\/wp\/v2\/types\/post"}],"author":[{"embeddable":true,"href":"https:\/\/zonaroja.com.mx\/index.php?rest_route=\/wp\/v2\/users\/2"}],"replies":[{"embeddable":true,"href":"https:\/\/zonaroja.com.mx\/index.php?rest_route=%2Fwp%2Fv2%2Fcomments&post=81780"}],"version-history":[{"count":1,"href":"https:\/\/zonaroja.com.mx\/index.php?rest_route=\/wp\/v2\/posts\/81780\/revisions"}],"predecessor-version":[{"id":81782,"href":"https:\/\/zonaroja.com.mx\/index.php?rest_route=\/wp\/v2\/posts\/81780\/revisions\/81782"}],"wp:featuredmedia":[{"embeddable":true,"href":"https:\/\/zonaroja.com.mx\/index.php?rest_route=\/wp\/v2\/media\/81781"}],"wp:attachment":[{"href":"https:\/\/zonaroja.com.mx\/index.php?rest_route=%2Fwp%2Fv2%2Fmedia&parent=81780"}],"wp:term":[{"taxonomy":"category","embeddable":true,"href":"https:\/\/zonaroja.com.mx\/index.php?rest_route=%2Fwp%2Fv2%2Fcategories&post=81780"},{"taxonomy":"post_tag","embeddable":true,"href":"https:\/\/zonaroja.com.mx\/index.php?rest_route=%2Fwp%2Fv2%2Ftags&post=81780"}],"curies":[{"name":"wp","href":"https:\/\/api.w.org\/{rel}","templated":true}]}}