{"id":81783,"date":"2025-06-26T20:44:35","date_gmt":"2025-06-27T02:44:35","guid":{"rendered":"https:\/\/zonaroja.com.mx\/?p=81783"},"modified":"2025-06-26T20:44:38","modified_gmt":"2025-06-27T02:44:38","slug":"concluye-conflicto-en-facultad-de-derecho-pero-no-hay-denuncias-por-danos","status":"publish","type":"post","link":"https:\/\/zonaroja.com.mx\/?p=81783","title":{"rendered":"Concluye conflicto en Facultad de Derecho\u2026 pero no hay denuncias por da\u00f1os\u00a0"},"content":{"rendered":"\n<p>Lisbeth Mej\u00eda Reyes\/Zona Roja.<\/p>\n\n\n\n<p>Oaxaca, Oax., a 26 de junio de 2025.- Sin acciones penales por los da\u00f1os causados a las instalaciones y con el compromiso de emitir una nueva convocatoria para la selecci\u00f3n del consejo t\u00e9cnico 2025-2026, as\u00ed se dio por finalizado el conflicto que dur\u00f3 m\u00e1s de un mes a la Facultad de Derecho y Ciencias Sociales de la Universidad Aut\u00f3noma \u201cBenito Ju\u00e1rez\u201d de Oaxaca (UABJO).<\/p>\n\n\n\n<p>Este 24 de junio, en presencia del rector Cristian \u00c9der Carre\u00f1o, finalmente fueron recibidas las instalaciones por parte de la directora, Roc\u00edo Mart\u00ednez Helmes, y dem\u00e1s docentes. Esto despu\u00e9s de que la fracci\u00f3n inconforme liber\u00f3 la facultad.<\/p>\n\n\n\n<p>Sin embargo, se tuvieron que aceptar diversos acuerdos con el grupo de sindicalizados opuestos a la directora y que esta dijo que est\u00e1n encabezados por su padre, Abraham Mart\u00ednez Alavez.<\/p>\n\n\n\n<p>El documento comprende 10 acuerdos sobre aspectos como la elecci\u00f3n del nuevo consejo t\u00e9cnico con base en la Ley Org\u00e1nica de la UABJO y que el nuevo \u00f3rgano tendr\u00e1 que emitir la convocatoria para la renovaci\u00f3n de la direcci\u00f3n para el periodo 2025-2028.<\/p>\n\n\n\n<p>Adem\u00e1s de que la rector\u00eda tendr\u00e1 que hacer una auditor\u00eda al Sistema Institucional de Control Escolar (SICE) y la direcci\u00f3n de la facultad tendr\u00e1 que cumplir con los pagos pendientes a diversos coordinadores.<\/p>\n\n\n\n<p>Las denuncias que se hayan interpuesto como parte del conflicto tambi\u00e9n quedar\u00e1n sin efectos y la rector\u00eda tendr\u00e1 que hacer las gestiones pertinentes para que se retire cualquier acci\u00f3n penal en contra de los participantes de la protesta, se\u00f1ala otro de los acuerdos.<\/p>\n\n\n\n<p>El documento tambi\u00e9n especifica que en caso de encontrarse con da\u00f1os o la sustracci\u00f3n de objetos, ser\u00e1 la administraci\u00f3n central de la universidad la que haga lo necesario para resarcir esto.<\/p>\n\n\n\n<p>La minuta fue firmada por el rector, la directora y representantes del Sindicato Universitario de Maestros (SUMA), el Sindicato de Trabajadores y Empleados de la UABJO (STEUABJO) y el Sindicato de Trabajadores de la Universidad de Oaxaca (STAUO).<\/p>\n\n\n\n<p>La protesta en la Facultad de Derecho y Ciencias Sociales de la UABJO estall\u00f3 el 19 de mayo, desde esa fecha un grupo inconforme tom\u00f3 las instalaciones exigiendo la destituci\u00f3n de Roc\u00edo Mart\u00ednez y argumentando que el consejo t\u00e9cnico fue elegido a modo, tambi\u00e9n denunciando la presunta intromisi\u00f3n del gobierno estatal en la universidad.<\/p>\n\n\n\n<p>A las tres semanas, la directora declar\u00f3 en conferencia de prensa que el conflicto era de \u00edndole pol\u00edtica y que fue orquestado por su padre. Tambi\u00e9n se\u00f1al\u00f3 al rector por ser omiso ante la situaci\u00f3n y la violencia de g\u00e9nero en su contra. Fue despu\u00e9s de esto que el rector llam\u00f3 a las partes pars buscar una soluci\u00f3n.<\/p>\n","protected":false},"excerpt":{"rendered":"<p>Lisbeth Mej\u00eda Reyes\/Zona Roja. Oaxaca, Oax., a 26 de junio de 2025.- Sin acciones penales&hellip;<\/p>\n","protected":false},"author":2,"featured_media":81788,"comment_status":"closed","ping_status":"open","sticky":false,"template":"","format":"standard","meta":{"_lmt_disableupdate":"","_lmt_disable":"","_jetpack_memberships_contains_paid_content":false,"footnotes":""},"categories":[109,47],"tags":[295],"class_list":["post-81783","post","type-post","status-publish","format-standard","has-post-thumbnail","hentry","category-minuto-a-minuto","category-zona-gris","tag-facultad-de-derecho-y-ciencias-sociales"],"jetpack_featured_media_url":"https:\/\/zonaroja.com.mx\/wp-content\/uploads\/2025\/06\/Facultad-de-Derecho-UABJO.jpg","jetpack_sharing_enabled":true,"_links":{"self":[{"href":"https:\/\/zonaroja.com.mx\/index.php?rest_route=\/wp\/v2\/posts\/81783","targetHints":{"allow":["GET"]}}],"collection":[{"href":"https:\/\/zonaroja.com.mx\/index.php?rest_route=\/wp\/v2\/posts"}],"about":[{"href":"https:\/\/zonaroja.com.mx\/index.php?rest_route=\/wp\/v2\/types\/post"}],"author":[{"embeddable":true,"href":"https:\/\/zonaroja.com.mx\/index.php?rest_route=\/wp\/v2\/users\/2"}],"replies":[{"embeddable":true,"href":"https:\/\/zonaroja.com.mx\/index.php?rest_route=%2Fwp%2Fv2%2Fcomments&post=81783"}],"version-history":[{"count":1,"href":"https:\/\/zonaroja.com.mx\/index.php?rest_route=\/wp\/v2\/posts\/81783\/revisions"}],"predecessor-version":[{"id":81789,"href":"https:\/\/zonaroja.com.mx\/index.php?rest_route=\/wp\/v2\/posts\/81783\/revisions\/81789"}],"wp:featuredmedia":[{"embeddable":true,"href":"https:\/\/zonaroja.com.mx\/index.php?rest_route=\/wp\/v2\/media\/81788"}],"wp:attachment":[{"href":"https:\/\/zonaroja.com.mx\/index.php?rest_route=%2Fwp%2Fv2%2Fmedia&parent=81783"}],"wp:term":[{"taxonomy":"category","embeddable":true,"href":"https:\/\/zonaroja.com.mx\/index.php?rest_route=%2Fwp%2Fv2%2Fcategories&post=81783"},{"taxonomy":"post_tag","embeddable":true,"href":"https:\/\/zonaroja.com.mx\/index.php?rest_route=%2Fwp%2Fv2%2Ftags&post=81783"}],"curies":[{"name":"wp","href":"https:\/\/api.w.org\/{rel}","templated":true}]}}