{"id":81805,"date":"2025-06-27T11:17:00","date_gmt":"2025-06-27T17:17:00","guid":{"rendered":"https:\/\/zonaroja.com.mx\/?p=81805"},"modified":"2025-06-27T09:20:32","modified_gmt":"2025-06-27T15:20:32","slug":"diputados-de-oaxaca-recorren-zonas-danadas-por-huracan-y-entregan-apoyos","status":"publish","type":"post","link":"https:\/\/zonaroja.com.mx\/?p=81805","title":{"rendered":"Diputados de Oaxaca recorren zonas da\u00f1adas por hurac\u00e1n y entregan apoyos"},"content":{"rendered":"\n<p>Redacci\u00f3n\/Zona Roja.<\/p>\n\n\n\n<p>Oaxaca, Oax., a 27 de junio de 2025.- En unidad con el pueblo coste\u00f1o y en un esfuerzo coordinado desde territorio con el Gobierno del Estado, las y los diputados locales continuaron por segundo d\u00eda consecutivo recorriendo las comunidades afectadas por el hurac\u00e1n \u201cErick\u201d, donde realizaron el retiro de \u00e1rboles, trabajos de limpieza y remoci\u00f3n de escombros en viviendas y calles.<\/p>\n\n\n\n<p>Las localidades intervenidas en estrecha colaboraci\u00f3n con las familias damnificadas en Santiago Pinotepa Nacional son Pie del Cerro, Los Pocitos, El J\u00edcaro y El A\u00f1il; en las agencias Cerro La Esperanza y El Carrizo se acudi\u00f3 al Tianguis del Bienestar.<\/p>\n\n\n\n<p>Mientras que, en El Ciruelo de Santiago Pinotepa Nacional; la rancher\u00eda El Puente de la agencia El Terrero y La Catalina, ambas de San Miguel Tlacamama; Los Marcelo y San Jos\u00e9 Yutatuyaa, de San Pedro Jicay\u00e1n, se entregaron v\u00edveres a las personas.<\/p>\n\n\n\n<p>En esta ocasi\u00f3n se sumaron las legisladoras Eva Diego Cruz y Melina Hern\u00e1ndez Sosa del Partido Verde Ecologista de M\u00e9xico (PVEM); Vanessa Rub\u00ed Ojeda Mej\u00eda, Sandra Daniela Taurino Jim\u00e9nez, Tania L\u00f3pez L\u00f3pez, Dulce Bel\u00e9n Uribe Mendoza, Mar\u00eda Francisca Antonio Santiago, Dennis Garc\u00eda Guti\u00e9rrez y Cecilia Olivia Cruz Merl\u00edn. As\u00ed como los legisladores Benjam\u00edn Viveros Montalvo, C\u00e9sar David Mateos Ben\u00edtez e Isidro Ortega Silva del partido Morena.<\/p>\n\n\n\n<p>Asimismo, las y los representantes populares Mauro Cruz S\u00e1nchez del Grupo Plural; M\u00f3nica Bel\u00e9n L\u00f3pez Javier y Mar\u00eda Eulalia Velasco Ram\u00edrez de Fuerza por Oaxaca; quienes refrendaron su compromiso con las familias de coadyuvar para que la Costa se ponga de pie.<\/p>\n\n\n\n<p>\u201cHoy m\u00e1s que nunca mostramos nuestro apoyo y nos hermanamos con los afectados tras el paso del fen\u00f3meno natural\u201d, puntualizaron.<\/p>\n\n\n\n<p>Destacaron que desde el Poder Legislativo se continuar\u00e1n los recorridos para brindar apoyo a la poblaci\u00f3n que as\u00ed lo requiera.<\/p>\n","protected":false},"excerpt":{"rendered":"<p>Redacci\u00f3n\/Zona Roja. Oaxaca, Oax., a 27 de junio de 2025.- En unidad con el pueblo&hellip;<\/p>\n","protected":false},"author":2,"featured_media":81806,"comment_status":"closed","ping_status":"open","sticky":false,"template":"","format":"standard","meta":{"_lmt_disableupdate":"","_lmt_disable":"","_jetpack_memberships_contains_paid_content":false,"footnotes":""},"categories":[109,47],"tags":[3664,303],"class_list":["post-81805","post","type-post","status-publish","format-standard","has-post-thumbnail","hentry","category-minuto-a-minuto","category-zona-gris","tag-benjamin-viveros-montalvo","tag-congreso-del-estado-de-oaxaca"],"jetpack_featured_media_url":"https:\/\/zonaroja.com.mx\/wp-content\/uploads\/2025\/06\/9.-Dip-Benjamin-Viveros-Montalvo.jpg","jetpack_sharing_enabled":true,"_links":{"self":[{"href":"https:\/\/zonaroja.com.mx\/index.php?rest_route=\/wp\/v2\/posts\/81805","targetHints":{"allow":["GET"]}}],"collection":[{"href":"https:\/\/zonaroja.com.mx\/index.php?rest_route=\/wp\/v2\/posts"}],"about":[{"href":"https:\/\/zonaroja.com.mx\/index.php?rest_route=\/wp\/v2\/types\/post"}],"author":[{"embeddable":true,"href":"https:\/\/zonaroja.com.mx\/index.php?rest_route=\/wp\/v2\/users\/2"}],"replies":[{"embeddable":true,"href":"https:\/\/zonaroja.com.mx\/index.php?rest_route=%2Fwp%2Fv2%2Fcomments&post=81805"}],"version-history":[{"count":1,"href":"https:\/\/zonaroja.com.mx\/index.php?rest_route=\/wp\/v2\/posts\/81805\/revisions"}],"predecessor-version":[{"id":81807,"href":"https:\/\/zonaroja.com.mx\/index.php?rest_route=\/wp\/v2\/posts\/81805\/revisions\/81807"}],"wp:featuredmedia":[{"embeddable":true,"href":"https:\/\/zonaroja.com.mx\/index.php?rest_route=\/wp\/v2\/media\/81806"}],"wp:attachment":[{"href":"https:\/\/zonaroja.com.mx\/index.php?rest_route=%2Fwp%2Fv2%2Fmedia&parent=81805"}],"wp:term":[{"taxonomy":"category","embeddable":true,"href":"https:\/\/zonaroja.com.mx\/index.php?rest_route=%2Fwp%2Fv2%2Fcategories&post=81805"},{"taxonomy":"post_tag","embeddable":true,"href":"https:\/\/zonaroja.com.mx\/index.php?rest_route=%2Fwp%2Fv2%2Ftags&post=81805"}],"curies":[{"name":"wp","href":"https:\/\/api.w.org\/{rel}","templated":true}]}}