{"id":81813,"date":"2025-06-27T13:25:00","date_gmt":"2025-06-27T19:25:00","guid":{"rendered":"https:\/\/zonaroja.com.mx\/?p=81813"},"modified":"2025-06-27T09:36:45","modified_gmt":"2025-06-27T15:36:45","slug":"organizaciones-con-reformas-gn-podra-realizar-vigilancias-ilegales","status":"publish","type":"post","link":"https:\/\/zonaroja.com.mx\/?p=81813","title":{"rendered":"Organizaciones: \u201cCon reformas, GN podr\u00e1 realizar vigilancias ilegales\u201d"},"content":{"rendered":"\n<p>Redacci\u00f3n\/Zona Roja Cdmx.<\/p>\n\n\n\n<p>Ciudad de M\u00e9xico, a 27 de junio de 2025.- Las organizaciones Art\u00edculo 19, Red de Defensa de Derechos Digitales, Data C\u00edvica, Fundar, entre otras, denunciaron que con las reformas aprobadas esta semana en el Congreso, la Guardia Nacional podr\u00e1 realizar vigilancias \u00bbilegales y abusivas\u00bb.<\/p>\n\n\n\n<p>\u00abEstas reformas legalizan la vigilancia por parte de las Fuerzas Armadas, al facultar a la Secretar\u00eda de la Defensa Nacional para procesar y usar informaci\u00f3n para actividades de inteligencia por motivos de seguridad nacional sin que existan salvaguardas ni controles para estas atribuciones\u00bb,dijeron en un desplegado conjunto.<\/p>\n\n\n\n<p>\u00abLa vigilancia ilegal y abusiva por parte de las Fuerzas Armadas es una pr\u00e1ctica reiterada que hemos advertido y documentado de forma contundente como lo revela la investigaci\u00f3n Ej\u00e9rcito-Esp\u00eda y que se ha llevado a cabo selectivamente en contra de periodistas, defensoras de derechos humanos, investigadores e incluso funcionarios p\u00fablicos. En dichos casos, la impunidad es absoluta\u00bb, agregaron.<\/p>\n\n\n\n<p>De acuerdo con las organizaciones, con las reformas aprobadas se autoriza que la Guardia Nacional mexicana lleve a cabo operaciones encubiertas, aunque la Suprema Corte de Justicia de la Naci\u00f3n (SCJN) lo prohibi\u00f3 en el 2023.<\/p>\n\n\n\n<p>\u00abLa aprobaci\u00f3n de estas reformas en materia de Guardia Nacional es parte de un paquete de iniciativas que se abordar\u00e1n esta semana en el Congreso de la Uni\u00f3n durante el per\u00edodo extraordinario, para las cuales tampoco se plantea la m\u00ednima apertura, discusi\u00f3n, ni parlamento abierto. Cada una de ellas, y por lo que implica si se implementan en conjunto, representan una amenaza directa para los derechos humanos\u00bb, puntualizaron.<\/p>\n\n\n\n<p>Ley General del Sistema Nacional de Seguridad P\u00fablica y la Ley del Sistema Nacional de Investigaci\u00f3n e Inteligencia en Materia de Seguridad P\u00fablica permiten la interconexi\u00f3n con bases de datos nacionales e internacionales, indicaron.<\/p>\n\n\n\n<p>\u00abLa consolidaci\u00f3n del poder de vigilancia sin control para las Fuerzas Armadas, el debilitamiento de mecanismos de control y el establecimiento de un Estado que monitorea permanentemente a la sociedad a trav\u00e9s de bases de datos y registros obligatorios son una afrenta directa a los derechos y libertades m\u00ednimas en un contexto democr\u00e1tico\u00bb, condenaron.<\/p>\n\n\n\n<p>La C\u00e1mara de Diputados aprob\u00f3 esta semana la nueva Ley de la Guardia Nacional y reform\u00f3 nueve normas secundarias para darle nuevo un marco legal a la corporaci\u00f3n federal.<\/p>\n\n\n\n<p>La nueva ley y las reformas adicionales fueron propuestas por la presidenta Claudia Sheinbaum el 5 de junio y fueron avaladas sin modificaci\u00f3n en lo general, con la alerta de la oposici\u00f3n de que \u00bbse formaliz\u00f3 su militarizaci\u00f3n plena\u00bb.<\/p>\n\n\n\n<p>Se le dan a la GN facultades para acciones encubiertas; vigilar y rastrear en la red p\u00fablica de internet; y acceder a informaci\u00f3n de usuarios de celulares en tiempo real y por georreferenciaci\u00f3n.<\/p>\n\n\n\n<p>En 2019 se aprob\u00f3 la creaci\u00f3n de la Guardia Nacional como una instituci\u00f3n de car\u00e1cter civil para garantizar la seguridad p\u00fablica, pero tendr\u00eda personal militar temporalmente, en lo que se formaba personal civil para asumir las tareas de seguridad.<\/p>\n\n\n\n<p>Sin embargo en 2022 se aprob\u00f3 una reforma que transfiri\u00f3 el mando de la GN a la Secretar\u00eda de la Defensa Nacional (Sedena), lo que fue invalidado por la Suprema Corte de Justicia de la Naci\u00f3n (SCJN).<\/p>\n\n\n\n<p>Ese mismo a\u00f1o se reform\u00f3 un art\u00edculo transitorio de la Constituci\u00f3n y se ampli\u00f3 hasta 2028 la permanencia del Ej\u00e9rcito en tareas de seguridad p\u00fablica; en 2024 se modificaron 12 art\u00edculos de la Constituci\u00f3n para que la Guardia Nacional forme parte de la Secretar\u00eda de la Defensa Nacional (Sedena) y ya no a la Secretar\u00eda de Seguridad y Protecci\u00f3n Ciudadana (SSPC).<\/p>\n\n\n\n<p>Se estableci\u00f3 que la Sedena tendr\u00e1 control operativo y administrativo de la Guardia Nacional y se orden\u00f3 adecuar el marco jur\u00eddico, lo que se concretar\u00e1 con la nueva ley de Guardia Nacional y reformas a nueve leyes que fueron avalados por los diputados y tras aprobarse en lo particular ser\u00e1n remitidos al Senado.<\/p>\n\n\n\n<p>Los cambios son a la Ley Org\u00e1nica de la Administraci\u00f3n P\u00fablica Federal; la Ley Org\u00e1nica del Ej\u00e9rcito y Fuerza A\u00e9rea Mexicanos; la Ley de Educaci\u00f3n Militar del Ej\u00e9rcito y Fuerza A\u00e9rea Mexicanos; la Ley de Ascensos y Recompensas del Ej\u00e9rcito y Fuerza A\u00e9rea Mexicanos; la Ley del Instituto de Seguridad Social para las Fuerzas Armadas Mexicanas; la Ley de Disciplina del Ej\u00e9rcito y Fuerza A\u00e9rea Mexicanos; el C\u00f3digo de Justicia Militar; y el C\u00f3digo Militar de Procedimientos Penales.<\/p>\n\n\n\n<p>El objetivo de los cambios, entre otros, es establecer que la formaci\u00f3n y educaci\u00f3n de sus elementos; la organizaci\u00f3n interna; la regulaci\u00f3n de sus ascensos tendr\u00e1 car\u00e1cter militar e incluso el r\u00e9gimen de responsabilidades ser\u00e1 bajo el mando de la justicia militar.<\/p>\n\n\n\n<p>Por eso se elimina la antigua redacci\u00f3n del art\u00edculo 4 de la ley de la GN a\u00fan vigente, que indica que ese organismo \u201ces una instituci\u00f3n de seguridad p\u00fablica, de car\u00e1cter civil, disciplinada y profesional, adscrita como \u00f3rgano administrativo desconcentrado de la Secretar\u00eda\u201d (de Seguridad).<\/p>\n\n\n\n<p>La redacci\u00f3n en la nueva Ley de la GN establece que \u00e9sta \u201ces una fuerza de seguridad p\u00fablica profesional, de car\u00e1cter permanente e integrada por personal militar con formaci\u00f3n policial, dependiente de la Secretar\u00eda\u201d, es decir de la Sedena.<\/p>\n\n\n\n<p>(Informaci\u00f3n de \u201cExpansi\u00f3n Pol\u00edtica\u201d)<\/p>\n","protected":false},"excerpt":{"rendered":"<p>Redacci\u00f3n\/Zona Roja Cdmx. Ciudad de M\u00e9xico, a 27 de junio de 2025.- Las organizaciones Art\u00edculo&hellip;<\/p>\n","protected":false},"author":2,"featured_media":81814,"comment_status":"closed","ping_status":"open","sticky":false,"template":"","format":"standard","meta":{"_lmt_disableupdate":"","_lmt_disable":"","_jetpack_memberships_contains_paid_content":false,"footnotes":""},"categories":[109,47],"tags":[],"class_list":["post-81813","post","type-post","status-publish","format-standard","has-post-thumbnail","hentry","category-minuto-a-minuto","category-zona-gris"],"jetpack_featured_media_url":"https:\/\/zonaroja.com.mx\/wp-content\/uploads\/2025\/06\/Sedena-espionaje.webp","jetpack_sharing_enabled":true,"_links":{"self":[{"href":"https:\/\/zonaroja.com.mx\/index.php?rest_route=\/wp\/v2\/posts\/81813","targetHints":{"allow":["GET"]}}],"collection":[{"href":"https:\/\/zonaroja.com.mx\/index.php?rest_route=\/wp\/v2\/posts"}],"about":[{"href":"https:\/\/zonaroja.com.mx\/index.php?rest_route=\/wp\/v2\/types\/post"}],"author":[{"embeddable":true,"href":"https:\/\/zonaroja.com.mx\/index.php?rest_route=\/wp\/v2\/users\/2"}],"replies":[{"embeddable":true,"href":"https:\/\/zonaroja.com.mx\/index.php?rest_route=%2Fwp%2Fv2%2Fcomments&post=81813"}],"version-history":[{"count":1,"href":"https:\/\/zonaroja.com.mx\/index.php?rest_route=\/wp\/v2\/posts\/81813\/revisions"}],"predecessor-version":[{"id":81815,"href":"https:\/\/zonaroja.com.mx\/index.php?rest_route=\/wp\/v2\/posts\/81813\/revisions\/81815"}],"wp:featuredmedia":[{"embeddable":true,"href":"https:\/\/zonaroja.com.mx\/index.php?rest_route=\/wp\/v2\/media\/81814"}],"wp:attachment":[{"href":"https:\/\/zonaroja.com.mx\/index.php?rest_route=%2Fwp%2Fv2%2Fmedia&parent=81813"}],"wp:term":[{"taxonomy":"category","embeddable":true,"href":"https:\/\/zonaroja.com.mx\/index.php?rest_route=%2Fwp%2Fv2%2Fcategories&post=81813"},{"taxonomy":"post_tag","embeddable":true,"href":"https:\/\/zonaroja.com.mx\/index.php?rest_route=%2Fwp%2Fv2%2Ftags&post=81813"}],"curies":[{"name":"wp","href":"https:\/\/api.w.org\/{rel}","templated":true}]}}