{"id":81819,"date":"2025-06-27T18:28:37","date_gmt":"2025-06-28T00:28:37","guid":{"rendered":"https:\/\/zonaroja.com.mx\/?p=81819"},"modified":"2025-06-27T18:28:39","modified_gmt":"2025-06-28T00:28:39","slug":"el-trabajo-de-una-orquesta-tambien-es-confrontar-al-publico-faustino-diaz","status":"publish","type":"post","link":"https:\/\/zonaroja.com.mx\/?p=81819","title":{"rendered":"\u00abEl trabajo de una orquesta tambi\u00e9n es confrontar al p\u00fablico\u00bb: Faustino D\u00edaz\u00a0"},"content":{"rendered":"\n<p>Lisbeth Mej\u00eda Reyes\/Zona Roja.<\/p>\n\n\n\n<p>Oaxaca, Oax., a 27 de junio de 2025.- La Orquesta Sinf\u00f3nica de Oaxaca (OSO) concluye este viernes su primera temporada de conciertos del a\u00f1o con un buen balance musical, pero tambi\u00e9n con retos financieros y materiales que su nuevo director, Faustino D\u00edaz, espera que se resuelvan en el 2026.<\/p>\n\n\n\n<p>Desde marzo, el trombonista originario de San Lorenzo Cacaotepec asumi\u00f3 la titularidad de la Sinf\u00f3nica, una de las cuatro agrupaciones estatales que dependen de la Secretar\u00eda de las Culturas y Artes (Seculta). Lo hizo con el compromiso de impulsarla y dignificarla, y tras cinco meses en que permaneci\u00f3 sin director.<\/p>\n\n\n\n<p>Cuando lleg\u00f3 se encontr\u00f3 una \u00aborquesta muy \u00e1vida por conocer m\u00e1s m\u00fasica, por hacer m\u00e1s proyectos\u00bb y comenzar la temporada.<\/p>\n\n\n\n<p>Este viernes, la agrupaci\u00f3n que naci\u00f3 en 1992 presentar\u00e1 su octavo programa de la temporada que comenz\u00f3 en marzo.&nbsp;<\/p>\n\n\n\n<p>Previo al \u00faltimo recital, Faustino comparte que \u00abel balance musical ha sido muy bueno\u00bb, pues se ha trabajado m\u00fasica nueva, con estrenos y piezas que han exigido lo mejor de las y los 50 int\u00e9rpretes.<\/p>\n\n\n\n<p>\u00abSi fu\u00e9ramos repetitivos, la orquesta baja un poco (de nivel) porque se conf\u00eda\u00bb, explica. Pero la exigencia tambi\u00e9n va hacia el p\u00fablico.&nbsp;<\/p>\n\n\n\n<p>\u00abEl trabajo de una orquesta es incluso confortar al p\u00fablico. Es igual que un museo: t\u00fa no quieres estar viendo todo el tiempo obra de Van Gogh, quieres confrontarte con nuevas cosas, con nuevas propuestas. A lo mejor te gustan, posiblemente no te gusten. A lo mejor dices: no le entend\u00ed. \u00a0Y tienes que leer, buscar m\u00e1s del pintor&#8230; Con las orquestas es igual, el p\u00fablico tiene que venir a los conciertos y habr\u00e1 cosas que le van a encantar y cosas que sean emocionalmente pesadas\u00bb.<\/p>\n\n\n\n<figure class=\"wp-block-embed is-type-rich is-provider-twitter wp-block-embed-twitter\"><div class=\"wp-block-embed__wrapper\">\n<div class=\"twitter-tweet\"><blockquote class=\"twitter-tweet\" data-lang=\"es\"><p lang=\"es\" dir=\"ltr\">Este viernes, la Orquesta Sinf\u00f3nica de Oaxaca concluye su primera temporada del a\u00f1o bajo la titularidad de Faustino D\u00edaz, quien hace un balance de esta fase, as\u00ed como los retos y los requerimientos: <a href=\"https:\/\/t.co\/kLFCxY4ZXe\">pic.twitter.com\/kLFCxY4ZXe<\/a><\/p>&mdash; Zona Roja Oaxaca (@ZonaRoja_Oaxaca) <a href=\"https:\/\/twitter.com\/ZonaRoja_Oaxaca\/status\/1938710775272456448?ref_src=twsrc%5Etfw\">27 de junio de 2025<\/a><\/blockquote><\/div>\n<\/div><\/figure>\n\n\n\n<p>MAYOR PRESUPUESTO<\/p>\n\n\n\n<p>Faustino reconoce el talento de la orquesta, pero tambi\u00e9n admite que las necesidades materiales han limitado el repertorio. \u00abNos vemos muy limitados en cuesti\u00f3n de repertorio porque no tenemos instrumentos suficientes, por ejemplo, clarinete bajo, que es fundamental para la m\u00fasica de hace 100 a\u00f1os hacia nuestros d\u00edas, el clarinete requinto tambi\u00e9n y un corno ingl\u00e9s\u00bb.<\/p>\n\n\n\n<p>&#8211; \u00bfSe buscar\u00e1n estos recursos?&nbsp;<\/p>\n\n\n\n<p>&#8211; Por supuesto, no podemos estar pidiendo prestado instrumentos.&nbsp;<\/p>\n\n\n\n<p>\u201cEl Gobierno del Estado se ha comprometido a buscar recursos para comprar los instrumentos, que adem\u00e1s son caros\u00bb, responde el director, quien tambi\u00e9n se\u00f1ala que aunque la orquesta no tiene un presupuesto etiquetado, lo ideal es que as\u00ed se haga en el pr\u00f3ximo ejercicio fiscal o que al menos se gestionen los recursos para adquirir instrumentos y se traiga a m\u00e1s solistas y directores invitados.<\/p>\n\n\n\n<p>Para que la orquesta tenga un mejor desempe\u00f1o, el tambi\u00e9n director de la Sinf\u00f3nica de Campeche considera que el presupuesto m\u00ednimo es de un mill\u00f3n y medio de pesos.<\/p>\n\n\n\n<p>En los planes, se\u00f1ala que por ahora se mantendr\u00e1n \u00fanicamente los conciertos de los viernes, pues repetir programa la domingos (como hasta hace un a\u00f1o) implica que dos agrupaciones del estado (la Sinf\u00f3nica y la Banda de M\u00fasica) toquen el mismo d\u00eda. Adem\u00e1s, argumenta que con la Sinf\u00f3nica no hab\u00eda tanto p\u00fablico como los viernes.<\/p>\n\n\n\n<p>La orquesta tendr\u00e1 su octavo programa de la temporada este viernes, a las 19:00, en el teatro Macedonio Alcal\u00e1, ciudad de Oaxaca. El acceso ser\u00e1 libre y gratuito. El p\u00fablico podr\u00e1 escuchar obra de la compositora Grecia Nila, Silvestre Revueltas y Dmitri Shostakovich.<\/p>\n","protected":false},"excerpt":{"rendered":"<p>Lisbeth Mej\u00eda Reyes\/Zona Roja. Oaxaca, Oax., a 27 de junio de 2025.- La Orquesta Sinf\u00f3nica&hellip;<\/p>\n","protected":false},"author":2,"featured_media":81820,"comment_status":"closed","ping_status":"open","sticky":false,"template":"","format":"standard","meta":{"_lmt_disableupdate":"","_lmt_disable":"","_jetpack_memberships_contains_paid_content":false,"footnotes":""},"categories":[109,46],"tags":[4330,3433],"class_list":["post-81819","post","type-post","status-publish","format-standard","has-post-thumbnail","hentry","category-minuto-a-minuto","category-zona-blanca","tag-faustino-diaz-musico","tag-orquesta-sinfonica-de-oaxaca-oso"],"jetpack_featured_media_url":"https:\/\/zonaroja.com.mx\/wp-content\/uploads\/2025\/06\/Faustino-Diaz-Orquesta-Sinfonica-de-Oaxaca.jpg","jetpack_sharing_enabled":true,"_links":{"self":[{"href":"https:\/\/zonaroja.com.mx\/index.php?rest_route=\/wp\/v2\/posts\/81819","targetHints":{"allow":["GET"]}}],"collection":[{"href":"https:\/\/zonaroja.com.mx\/index.php?rest_route=\/wp\/v2\/posts"}],"about":[{"href":"https:\/\/zonaroja.com.mx\/index.php?rest_route=\/wp\/v2\/types\/post"}],"author":[{"embeddable":true,"href":"https:\/\/zonaroja.com.mx\/index.php?rest_route=\/wp\/v2\/users\/2"}],"replies":[{"embeddable":true,"href":"https:\/\/zonaroja.com.mx\/index.php?rest_route=%2Fwp%2Fv2%2Fcomments&post=81819"}],"version-history":[{"count":1,"href":"https:\/\/zonaroja.com.mx\/index.php?rest_route=\/wp\/v2\/posts\/81819\/revisions"}],"predecessor-version":[{"id":81821,"href":"https:\/\/zonaroja.com.mx\/index.php?rest_route=\/wp\/v2\/posts\/81819\/revisions\/81821"}],"wp:featuredmedia":[{"embeddable":true,"href":"https:\/\/zonaroja.com.mx\/index.php?rest_route=\/wp\/v2\/media\/81820"}],"wp:attachment":[{"href":"https:\/\/zonaroja.com.mx\/index.php?rest_route=%2Fwp%2Fv2%2Fmedia&parent=81819"}],"wp:term":[{"taxonomy":"category","embeddable":true,"href":"https:\/\/zonaroja.com.mx\/index.php?rest_route=%2Fwp%2Fv2%2Fcategories&post=81819"},{"taxonomy":"post_tag","embeddable":true,"href":"https:\/\/zonaroja.com.mx\/index.php?rest_route=%2Fwp%2Fv2%2Ftags&post=81819"}],"curies":[{"name":"wp","href":"https:\/\/api.w.org\/{rel}","templated":true}]}}