{"id":81824,"date":"2025-06-27T21:15:24","date_gmt":"2025-06-28T03:15:24","guid":{"rendered":"https:\/\/zonaroja.com.mx\/?p=81824"},"modified":"2025-06-27T21:24:13","modified_gmt":"2025-06-28T03:24:13","slug":"quince-anos-de-infierno-de-mariel-por-fin-detienen-a-su-agresor-su-padrastro","status":"publish","type":"post","link":"https:\/\/zonaroja.com.mx\/?p=81824","title":{"rendered":"Quince a\u00f1os de infierno de Mariel; por fin detienen a su agresor: su padrastro"},"content":{"rendered":"\n<p>Lisbeth Mej\u00eda Reyes\/Zona Roja.<\/p>\n\n\n\n<p>Oaxaca, Oax., a 27 de junio de 2025.- Mariel ten\u00eda cuatro a\u00f1os de edad cuando su padrastro comenz\u00f3 a abusarla sexualmente. Despu\u00e9s, las agresiones aumentaron hasta reiteradas violaciones, todo con la complicidad de su madre. El infierno de la ahora adulta parec\u00eda terminar cuando logr\u00f3 escapar de la casa a los 16 a\u00f1os. Sin embargo, las secuelas psicol\u00f3gicas y emocionales le han atormentado por mucho tiempo.<\/p>\n\n\n\n<p>\u00abHace 15 a\u00f1os de esto y todav\u00eda me sigue dejando secuelas\u00bb, cont\u00f3 la joven en un video de mayo publicado en sus redes sociales, en el que expresaba que despu\u00e9s de varias terapias se hab\u00eda armado de valor para denunciar a sus agresores.<\/p>\n\n\n\n<p>Hace unos d\u00edas, en otro video, Mar\u00eda Elena O. (m\u00e1s conocida como Mariel en Corea) ped\u00eda la intervenci\u00f3n del gobernador del estado de Oaxaca, del fiscal General y de la secretaria de las Mujeres, porque a un mes de la denuncia hecha en Tuxtepec no se hab\u00edan ejecutado las \u00f3rdenes de aprehensi\u00f3n en contra de su padrastro y su madre.<\/p>\n\n\n\n<p>Este viernes, la originaria del estado de Oaxaca volvi\u00f3 a hablar p\u00fablicamente de su caso para expresar que: \u00abLa justicia ha llegado, mis agresores por fin se encuentran detenidos\u00bb.&nbsp;<\/p>\n\n\n\n<p>En el nuevo video, Mariel se\u00f1al\u00f3 que aunque el proceso contin\u00faa, se siente en paz porque su padrastro no podr\u00e1 seguir conviviendo con m\u00e1s ni\u00f1as posibles v\u00edctimas.<\/p>\n\n\n\n<p>M\u00e1s tarde, la Fiscal\u00eda General del Estado de Oaxaca confirm\u00f3 la detenci\u00f3n \u00abde A.G.R. (hombre) y J.R.A. (mujer), padrastro y madre de la v\u00edctima, por los delitos de violaci\u00f3n y violencia familiar, cometidos en agravio de una mujer desde que ten\u00eda cuatro a\u00f1os de edad, hechos ocurridos en la regi\u00f3n de la Cuenca del Papaloapan\u201d.<\/p>\n\n\n\n<p>Mariel, creadora de contenido, es una de las m\u00e1s de 46 millones de mujeres, entre los 370 millones de ni\u00f1as y mujeres vivas en el mundo, que \u00abhan sufrido violaciones o abusos sexuales antes de los 18 a\u00f1os\u00bb, de acuerdo con las estimaciones del Fondo de las Naciones Unidas para la Infancia (UNICEF, 2024).<\/p>\n\n\n\n<figure class=\"wp-block-embed is-type-rich is-provider-twitter wp-block-embed-twitter\"><div class=\"wp-block-embed__wrapper\">\n<div class=\"twitter-tweet\"><blockquote class=\"twitter-tweet\" data-lang=\"es\"><p lang=\"es\" dir=\"ltr\">Tras la denuncia que hizo en redes sociales sobre la impunidad en su caso, luego de un abuso sexual por parte de su padrastro, la joven Mariel O. public\u00f3 otro video en que agradeci\u00f3 la intervenci\u00f3n inmediata de la Fiscal\u00eda General del Estado de Oaxaca (<a href=\"https:\/\/twitter.com\/FISCALIA_GobOax?ref_src=twsrc%5Etfw\">@FISCALIA_GobOax<\/a>);\u2026 <a href=\"https:\/\/t.co\/D48EQVAL7w\">pic.twitter.com\/D48EQVAL7w<\/a><\/p>&mdash; Zona Roja Oaxaca (@ZonaRoja_Oaxaca) <a href=\"https:\/\/twitter.com\/ZonaRoja_Oaxaca\/status\/1938609044878471628?ref_src=twsrc%5Etfw\">27 de junio de 2025<\/a><\/blockquote><\/div>\n<\/div><\/figure>\n\n\n\n<p>La Encuesta Nacional sobre la Din\u00e1mica de las Relaciones en los Hogares (ENDIREH) 2021 se\u00f1ala que en M\u00e9xico habitan 64.5 millones de mujeres. De ellas, 48.6 millones tienen 15 a\u00f1os y m\u00e1s, y entre estas el 49.7% han sido v\u00edctimas de alg\u00fan tipo de violencia sexual a lo largo de su vida. Es decir, 24.2 millones de mujeres han padecido este tipo de agresiones (tocamientos, abuso sexual, vostogaen alg\u00fan momento.<\/p>\n\n\n\n<p>En el estado de Oaxaca, donde las mujeres son poco m\u00e1s de la mitad de la poblaci\u00f3n, con 2.1 millones, aquellas cuya edad es de 15 a\u00f1os o m\u00e1s (1.5 millones) tambi\u00e9n han experimentado alg\u00fan tipo de violencia. La de tipo sexual, por ejemplo, ha afectado a por lo menos 39 de cada 100 mujeres de 15 y m\u00e1s a\u00f1os. Es decir, a m\u00e1s &nbsp;de 600 mil.<\/p>\n\n\n\n<p>Sin embargo, hablar de ello y denunciarlo no es f\u00e1cil. A Mariel, por ejemplo, le tom\u00f3 15 a\u00f1os y cuando cont\u00f3 su infierno fue revictimizada por quienes en las redes sociales la desacreditaban, la cuestionaban e incluso le recriminaban el por qu\u00e9 no se llev\u00f3 a la ni\u00f1a que tuvo producto de las violaciones de su padrastro.<\/p>\n\n\n\n<p>\u201cLa violencia sexual contra la infancia es una mancha en nuestra conciencia moral\u201d, dec\u00eda en octubre de 2024 la directora ejecutiva de UNICEF, Catherine Russell. \u201cEsta violencia inflige traumas profundos y duraderos, a menudo causados por personas que los ni\u00f1os y las ni\u00f1as conocen y en quienes conf\u00edan, y en lugares donde deber\u00edan sentirse seguros\u201d.<\/p>\n\n\n\n<p>Mariel vivi\u00f3 violencia sexual desde su ni\u00f1ez y hasta la adolescencia.&nbsp;<\/p>\n\n\n\n<p>La Red por los Derechos de la Infancia en M\u00e9xico (Redim) se\u00f1ala que, de acuerdo con la Secretar\u00eda de Salud, en los hospitales del pa\u00eds se atendi\u00f3 por violencia sexual a 9,929 personas de entre 1 y 17 a\u00f1os en 2022.<\/p>\n\n\n\n<p>En el a\u00f1o 2023, la red tambi\u00e9n registr\u00f3 al menos 9,802 v\u00edctimas de violencia sexual y que ten\u00edan entre 1 y 17 a\u00f1os de edad. De esos casos, 58 se registraron en el estado de Oaxaca.<\/p>\n\n\n\n<p>\u00abEn M\u00e9xico, las v\u00edctimas de violencia sexual de entre 1 y 17 a\u00f1os son principalmente mujeres; ellas representaban el 92.9% de las ni\u00f1as, ni\u00f1os y adolescentes atendidas por esta grave violaci\u00f3n a sus derechos a nivel nacional en 2022\u00bb, se\u00f1ala la Redim.<\/p>\n","protected":false},"excerpt":{"rendered":"<p>Lisbeth Mej\u00eda Reyes\/Zona Roja. Oaxaca, Oax., a 27 de junio de 2025.- Mariel ten\u00eda cuatro&hellip;<\/p>\n","protected":false},"author":2,"featured_media":81825,"comment_status":"closed","ping_status":"open","sticky":false,"template":"","format":"standard","meta":{"_lmt_disableupdate":"","_lmt_disable":"","_jetpack_memberships_contains_paid_content":false,"footnotes":""},"categories":[109,47],"tags":[494],"class_list":["post-81824","post","type-post","status-publish","format-standard","has-post-thumbnail","hentry","category-minuto-a-minuto","category-zona-gris","tag-fiscalia-general-del-estado-de-oaxaca"],"jetpack_featured_media_url":"https:\/\/zonaroja.com.mx\/wp-content\/uploads\/2025\/06\/Tuxtepec-detenido-padrastro-y-mujer-abuso-sexual-Fiscalia.jpg","jetpack_sharing_enabled":true,"_links":{"self":[{"href":"https:\/\/zonaroja.com.mx\/index.php?rest_route=\/wp\/v2\/posts\/81824","targetHints":{"allow":["GET"]}}],"collection":[{"href":"https:\/\/zonaroja.com.mx\/index.php?rest_route=\/wp\/v2\/posts"}],"about":[{"href":"https:\/\/zonaroja.com.mx\/index.php?rest_route=\/wp\/v2\/types\/post"}],"author":[{"embeddable":true,"href":"https:\/\/zonaroja.com.mx\/index.php?rest_route=\/wp\/v2\/users\/2"}],"replies":[{"embeddable":true,"href":"https:\/\/zonaroja.com.mx\/index.php?rest_route=%2Fwp%2Fv2%2Fcomments&post=81824"}],"version-history":[{"count":2,"href":"https:\/\/zonaroja.com.mx\/index.php?rest_route=\/wp\/v2\/posts\/81824\/revisions"}],"predecessor-version":[{"id":81828,"href":"https:\/\/zonaroja.com.mx\/index.php?rest_route=\/wp\/v2\/posts\/81824\/revisions\/81828"}],"wp:featuredmedia":[{"embeddable":true,"href":"https:\/\/zonaroja.com.mx\/index.php?rest_route=\/wp\/v2\/media\/81825"}],"wp:attachment":[{"href":"https:\/\/zonaroja.com.mx\/index.php?rest_route=%2Fwp%2Fv2%2Fmedia&parent=81824"}],"wp:term":[{"taxonomy":"category","embeddable":true,"href":"https:\/\/zonaroja.com.mx\/index.php?rest_route=%2Fwp%2Fv2%2Fcategories&post=81824"},{"taxonomy":"post_tag","embeddable":true,"href":"https:\/\/zonaroja.com.mx\/index.php?rest_route=%2Fwp%2Fv2%2Ftags&post=81824"}],"curies":[{"name":"wp","href":"https:\/\/api.w.org\/{rel}","templated":true}]}}