{"id":81829,"date":"2025-06-28T07:42:00","date_gmt":"2025-06-28T13:42:00","guid":{"rendered":"https:\/\/zonaroja.com.mx\/?p=81829"},"modified":"2025-06-28T06:44:20","modified_gmt":"2025-06-28T12:44:20","slug":"destinaran-ingresos-de-la-guelaguetza-para-damnificados-por-el-huracan","status":"publish","type":"post","link":"https:\/\/zonaroja.com.mx\/?p=81829","title":{"rendered":"Destinar\u00e1n ingresos de la Guelaguetza para damnificados por el hurac\u00e1n"},"content":{"rendered":"\n<p>Redacci\u00f3n\/Zona Roja.<\/p>\n\n\n\n<p>Oaxaca, Oax. 27 de junio de 2025.- El gobernador Salom\u00f3n Jara Cruz anunci\u00f3 que todos los ingresos que se obtengan por la venta de boletos de entrada a los dos Lunes del Cerro de la Guelaguetza 2025, as\u00ed como de la Feria del Mezcal, ser\u00e1n destinados a apoyar a las personas damnificadas por el hurac\u00e1n \u201cErick\u201d.<\/p>\n\n\n\n<p>De acuerdo con el registro de la Secretar\u00eda de Desarrollo Econ\u00f3mico (Sedeco), el evento que re\u00fane a personas productoras de mezcal ha generado, en a\u00f1os anteriores, ingresos por m\u00e1s de 30 millones de pesos.<\/p>\n\n\n\n<p>\u201cLa Costa est\u00e1 de pie y no se arrodilla ante cualquier tormenta o problema. Los da\u00f1os en el campo, los caminos, las viviendas, a\u00fan no lo hemos cuantificado; pero es mucho m\u00e1s de lo que nos pueda dar la Guelaguetza. Estamos conjuntando esfuerzos\u201d, dijo en conferencia de prensa efectuada en Pinotepa Nacional.&nbsp;<\/p>\n\n\n\n<p>El mandatario estatal destac\u00f3 la uni\u00f3n de los tres niveles de gobierno y de la sociedad, quienes han trabajado de manera organizada para restablecer los servicios b\u00e1sicos, limpieza las zonas afectadas y despejar los caminos; tras el impacto del hurac\u00e1n Erick, hace una semana.&nbsp;<\/p>\n\n\n\n<p>Especialmente, agradeci\u00f3 a la Presidenta Claudia Sheinbaum Pardo su apoyo desde el primer momento.&nbsp;<\/p>\n\n\n\n<p>Explic\u00f3 que \u00e9l, junto con las mujeres y hombres que integran los gabinetes legal y ampliado del Gobierno del Estado han visitado todos los municipios y comunidades con afectaciones, otorgando ayuda humanitaria, limpieza general de espacios p\u00fablicos, calles y caminos, as\u00ed como potabilizaci\u00f3n de agua.<\/p>\n\n\n\n<p>La coordinadora general de Asuntos Intergubernamentales y Participaci\u00f3n Social del Gobierno de M\u00e9xico, Leticia Ram\u00edrez Amaya, resalt\u00f3 la ense\u00f1anza del pueblo de Oaxaca para trabajar en colaboraci\u00f3n, y con ese esp\u00edritu, personas Servidoras de la Naci\u00f3n han llegado a la zona desde distintos puntos del pa\u00eds para apoyar.<\/p>\n\n\n\n<figure class=\"wp-block-image size-full\"><img decoding=\"async\" width=\"659\" height=\"453\" src=\"https:\/\/zonaroja.com.mx\/wp-content\/uploads\/2025\/06\/2.Atiende-SIC-afectaciones-en-42-localidades-afectadas-por-el-Huracan-Erick.jpeg\" alt=\"\" class=\"wp-image-81831\" srcset=\"https:\/\/zonaroja.com.mx\/wp-content\/uploads\/2025\/06\/2.Atiende-SIC-afectaciones-en-42-localidades-afectadas-por-el-Huracan-Erick.jpeg 659w, https:\/\/zonaroja.com.mx\/wp-content\/uploads\/2025\/06\/2.Atiende-SIC-afectaciones-en-42-localidades-afectadas-por-el-Huracan-Erick-300x206.jpeg 300w, https:\/\/zonaroja.com.mx\/wp-content\/uploads\/2025\/06\/2.Atiende-SIC-afectaciones-en-42-localidades-afectadas-por-el-Huracan-Erick-585x402.jpeg 585w\" sizes=\"(max-width: 659px) 100vw, 659px\" \/><\/figure>\n\n\n\n<p>\u201cLo m\u00e1s importante es atender al pueblo y estar en territorio, coordinados con el Gobernador Salom\u00f3n Jara lo estamos haciendo\u201d, expres\u00f3 la funcionaria designada por la Presidenta Claudia Sheinbaum para coordinar la atenci\u00f3n federal a las personas damnificadas.<\/p>\n\n\n\n<p>ATENCI\u00d3N INMEDIATA<\/p>\n\n\n\n<p>En 10 d\u00edas, el gobernador Salom\u00f3n Jara Cruz recorri\u00f3 m\u00e1s de 80 poblados afectados por el hurac\u00e1n Erick, a los cuales llev\u00f3 ayuda con el reparto de v\u00edveres y atenci\u00f3n m\u00e9dica; asimismo, dio respuesta a las peticiones de rehabilitaci\u00f3n y reconstrucci\u00f3n.<\/p>\n\n\n\n<p>En la jornada de ayer viernes, el mandatario oaxaque\u00f1o visit\u00f3 tres agencias del municipio de Santiago Pinotepa Nacional, uno de los lugares que sufri\u00f3 mayores da\u00f1os por los vientos superiores a 250 kil\u00f3metros por hora, con los que este meteoro toc\u00f3 tierra el jueves pasado.<\/p>\n\n\n\n<p>A lo largo de marat\u00f3nicas jornadas que iniciaban por la madrugada y conclu\u00edan entrada la noche, Jara Cruz estuvo acompa\u00f1ado por la coordinadora de Asuntos Intergubernamentales y Participaci\u00f3n Social del Gobierno de M\u00e9xico, Leticia Ram\u00edrez Amaya, en representaci\u00f3n de la Presidenta Claudia Sheinbaum Pardo.<\/p>\n\n\n\n<p>\u201cEstamos ac\u00e1 con ustedes, no se encuentran solas ni solos, el Gobierno de la Primavera Oaxaque\u00f1a est\u00e1 atento para responder en la contingencia a nuestras hermanas y hermanos con el \u00fanico prop\u00f3sito de poner a la Costa de pie\u201d, afirm\u00f3.<\/p>\n","protected":false},"excerpt":{"rendered":"<p>Redacci\u00f3n\/Zona Roja. Oaxaca, Oax. 27 de junio de 2025.- El gobernador Salom\u00f3n Jara Cruz anunci\u00f3&hellip;<\/p>\n","protected":false},"author":2,"featured_media":81830,"comment_status":"closed","ping_status":"open","sticky":false,"template":"","format":"standard","meta":{"_lmt_disableupdate":"","_lmt_disable":"","_jetpack_memberships_contains_paid_content":false,"footnotes":""},"categories":[109,46],"tags":[939],"class_list":["post-81829","post","type-post","status-publish","format-standard","has-post-thumbnail","hentry","category-minuto-a-minuto","category-zona-blanca","tag-salomon-jara-cruz"],"jetpack_featured_media_url":"https:\/\/zonaroja.com.mx\/wp-content\/uploads\/2025\/06\/En-10-dias-Salomon-Jara-llevo-ayuda-y-respuestas-a-80-comunidades-afectadas-por-Erick-6.jpeg","jetpack_sharing_enabled":true,"_links":{"self":[{"href":"https:\/\/zonaroja.com.mx\/index.php?rest_route=\/wp\/v2\/posts\/81829","targetHints":{"allow":["GET"]}}],"collection":[{"href":"https:\/\/zonaroja.com.mx\/index.php?rest_route=\/wp\/v2\/posts"}],"about":[{"href":"https:\/\/zonaroja.com.mx\/index.php?rest_route=\/wp\/v2\/types\/post"}],"author":[{"embeddable":true,"href":"https:\/\/zonaroja.com.mx\/index.php?rest_route=\/wp\/v2\/users\/2"}],"replies":[{"embeddable":true,"href":"https:\/\/zonaroja.com.mx\/index.php?rest_route=%2Fwp%2Fv2%2Fcomments&post=81829"}],"version-history":[{"count":1,"href":"https:\/\/zonaroja.com.mx\/index.php?rest_route=\/wp\/v2\/posts\/81829\/revisions"}],"predecessor-version":[{"id":81832,"href":"https:\/\/zonaroja.com.mx\/index.php?rest_route=\/wp\/v2\/posts\/81829\/revisions\/81832"}],"wp:featuredmedia":[{"embeddable":true,"href":"https:\/\/zonaroja.com.mx\/index.php?rest_route=\/wp\/v2\/media\/81830"}],"wp:attachment":[{"href":"https:\/\/zonaroja.com.mx\/index.php?rest_route=%2Fwp%2Fv2%2Fmedia&parent=81829"}],"wp:term":[{"taxonomy":"category","embeddable":true,"href":"https:\/\/zonaroja.com.mx\/index.php?rest_route=%2Fwp%2Fv2%2Fcategories&post=81829"},{"taxonomy":"post_tag","embeddable":true,"href":"https:\/\/zonaroja.com.mx\/index.php?rest_route=%2Fwp%2Fv2%2Ftags&post=81829"}],"curies":[{"name":"wp","href":"https:\/\/api.w.org\/{rel}","templated":true}]}}