{"id":8183,"date":"2020-01-29T11:51:06","date_gmt":"2020-01-29T17:51:06","guid":{"rendered":"https:\/\/www.zonaroja.com.mx\/?p=8183"},"modified":"2020-01-29T11:53:05","modified_gmt":"2020-01-29T17:53:05","slug":"activistas-denuncian-incontrolable-violencia-en-oaxaca-y-exigen-renuncia-del-titular-de-sspo","status":"publish","type":"post","link":"https:\/\/zonaroja.com.mx\/?p=8183","title":{"rendered":"Activistas denuncian incontrolable violencia en Oaxaca y exigen renuncia del titular de SSPO"},"content":{"rendered":"\n<p>Evlin Arag\u00f3n\/Zona Roja.&nbsp;<\/p>\n\n\n\n<p>Oaxaca de Ju\u00e1rez, Oax., 29 de enero de 2020.-&nbsp;Integrantes del Consejo Ind\u00edgena Popular de Oaxaca \u201cRicardo Flores Mag\u00f3n\u201d (CIPO-RFM) provenientes de de diversas comunidades ind\u00edgenas marcharon&nbsp;y protestan hoy&nbsp;en la capital del estado para denunciar el aumento incontrolable de la inseguridad y violencia en la entidad oaxaque\u00f1a.<\/p>\n\n\n\n<p>Con &nbsp;un f\u00e9retro de cart\u00f3n con la leyenda \u201cLos muertos por la inseguridad de Durazo\u201d las y los manifestantes llegaron a Casa Oficial para exigir la renuncia de Ernesto Salcedo Rosales, secretario de Seguridad P\u00fablica en la entidad, toda vez que aseguran no ha podido garantizar el derecho humano de la seguridad.<\/p>\n\n\n\n<p>En las declaraciones ante los medios de comunicaci\u00f3n, Miguel Cruz Moreno representante del CIPO-RFM, indic\u00f3 que ni el combate a la pobreza ni a la inseguridad se ha concretado durante la administraci\u00f3n de Alejandro Murat Hinojosa -que ya supera la mitad de su sexenio- prueba de ello son las agresiones a activistas en defensa de derechos humanos, mujeres, ni\u00f1as y ni\u00f1os que hablan de la falta de una pol\u00edtica p\u00fablica en materia de seguridad.<\/p>\n\n\n\n<p>Detall\u00f3 que existe un registro de m\u00e1s de 3 mil asesinatos en lo que va de la administraci\u00f3n muratista, 398 feminicidios \u2013caso reciente el triple asesinato en Santiago Ixtlayutla-, as\u00ed como los cr\u00edmenes en contra de por lo menos 10 integrantes de la organizaci\u00f3n que representa en los \u00faltimos a\u00f1os, lo cual habla de la gravedad de la violencia e inseguridad que padece actualmente la entidad.<\/p>\n\n\n\n<p>\u201cSolo escuchamos que trabajan para combatir la pobreza y la inseguridad, que la violencia la ejerce la delincuencia, sin embargo es debido a su omisi\u00f3n de brindar seguridad p\u00fablica que el crimen organizado se ha salido de control en la entidad\u201d, detall\u00f3.<\/p>\n\n\n\n<p>As\u00ed mismo, indic\u00f3 que es evidente que hay una crisis en la entidad que no quieren reconocer las autoridades en materia de seguridad y procuraci\u00f3n de justicia, de la cual los titulares de ambas dependencias Ernesto Salcedo Rosales y Rub\u00e9n Vasconcelos M\u00e9ndez no han dado buenos resultados a la sociedad oaxaque\u00f1a.<\/p>\n\n\n\n<p>\u201cLas investigaciones est\u00e1n atoradas porque no hay recursos para implementar operativos y dar respuesta a la demanda principal de seguridad y justicia por nuestros compa\u00f1eros ca\u00eddos\u201d, sentenci\u00f3.<\/p>\n\n\n\n<p>La protesta incluy\u00f3 la demanda social que aseguran no ha llegado a las comunidades ind\u00edgenas que m\u00e1s necesidad tienen, responsabilizando a Javier Lazcano encargado de Coplade y Vicente Mendoza, secretario de Finanzas, de enga\u00f1ar a quienes m\u00e1s lo necesitan y repartir el recurso a discreci\u00f3n para el pago de favores.<\/p>\n\n\n\n<p>Finalmente anunciaron que har\u00e1n extensiva su manifestaci\u00f3n a Palacio de Gobierno, los complejos de Ciudad Administrativa y Judicial, as\u00ed como al Congreso local, de no ser atendida su demanda.&nbsp;<br class=\"Apple-interchange-newline\" \/><\/p>\n","protected":false},"excerpt":{"rendered":"<p>Evlin Arag\u00f3n\/Zona Roja.&nbsp; Oaxaca de Ju\u00e1rez, Oax., 29 de enero de 2020.-&nbsp;Integrantes del Consejo Ind\u00edgena&hellip;<\/p>\n","protected":false},"author":2,"featured_media":8182,"comment_status":"closed","ping_status":"open","sticky":false,"template":"","format":"standard","meta":{"_lmt_disableupdate":"","_lmt_disable":"","_jetpack_memberships_contains_paid_content":false,"footnotes":""},"categories":[109,47],"tags":[231],"class_list":["post-8183","post","type-post","status-publish","format-standard","has-post-thumbnail","hentry","category-minuto-a-minuto","category-zona-gris","tag-raul-ernesto-salcedo-rosales"],"jetpack_featured_media_url":"https:\/\/zonaroja.com.mx\/wp-content\/uploads\/2020\/01\/5e7880aa-19de-4d04-9133-06eddc16512d.jpg","jetpack_sharing_enabled":true,"_links":{"self":[{"href":"https:\/\/zonaroja.com.mx\/index.php?rest_route=\/wp\/v2\/posts\/8183","targetHints":{"allow":["GET"]}}],"collection":[{"href":"https:\/\/zonaroja.com.mx\/index.php?rest_route=\/wp\/v2\/posts"}],"about":[{"href":"https:\/\/zonaroja.com.mx\/index.php?rest_route=\/wp\/v2\/types\/post"}],"author":[{"embeddable":true,"href":"https:\/\/zonaroja.com.mx\/index.php?rest_route=\/wp\/v2\/users\/2"}],"replies":[{"embeddable":true,"href":"https:\/\/zonaroja.com.mx\/index.php?rest_route=%2Fwp%2Fv2%2Fcomments&post=8183"}],"version-history":[{"count":1,"href":"https:\/\/zonaroja.com.mx\/index.php?rest_route=\/wp\/v2\/posts\/8183\/revisions"}],"predecessor-version":[{"id":8184,"href":"https:\/\/zonaroja.com.mx\/index.php?rest_route=\/wp\/v2\/posts\/8183\/revisions\/8184"}],"wp:featuredmedia":[{"embeddable":true,"href":"https:\/\/zonaroja.com.mx\/index.php?rest_route=\/wp\/v2\/media\/8182"}],"wp:attachment":[{"href":"https:\/\/zonaroja.com.mx\/index.php?rest_route=%2Fwp%2Fv2%2Fmedia&parent=8183"}],"wp:term":[{"taxonomy":"category","embeddable":true,"href":"https:\/\/zonaroja.com.mx\/index.php?rest_route=%2Fwp%2Fv2%2Fcategories&post=8183"},{"taxonomy":"post_tag","embeddable":true,"href":"https:\/\/zonaroja.com.mx\/index.php?rest_route=%2Fwp%2Fv2%2Ftags&post=8183"}],"curies":[{"name":"wp","href":"https:\/\/api.w.org\/{rel}","templated":true}]}}