{"id":81833,"date":"2025-06-28T08:52:00","date_gmt":"2025-06-28T14:52:00","guid":{"rendered":"https:\/\/zonaroja.com.mx\/?p=81833"},"modified":"2025-06-28T07:05:15","modified_gmt":"2025-06-28T13:05:15","slug":"matan-a-balazos-a-un-hombre-y-una-mujer-en-la-costa-de-oaxaca","status":"publish","type":"post","link":"https:\/\/zonaroja.com.mx\/?p=81833","title":{"rendered":"Matan a balazos a un hombre y una mujer en la Costa de Oaxaca"},"content":{"rendered":"\n<p>Raymundo Morales\/Zona Roja.<\/p>\n\n\n\n<p>Oaxaca, Oax., a 28 de junio de 2025.- Un hombre y una mujer, hasta ahora no identificados, fueron asesinados a balazos ayer por la tarde en Santiago Jamiltepec, municipio de la regi\u00f3n Costa del estado de Oaxaca.<\/p>\n\n\n\n<p>El doble crimen se perpetr\u00f3 en la localidad de Piedra Ancha, donde fueron localizados los cuerpos sin vida de la pareja, con varios impactos de arma de fuego.<\/p>\n\n\n\n<p>Presuntamente fueron varias personas armadas las que dispararon en contra de las v\u00edctimas, tras lo cual huyeron; personal de la Vicefiscal\u00eda Regional de la Costa inici\u00f3 las indagatorias correspondientes.<\/p>\n\n\n\n<p>Apenas el pasado lunes fue asesinada otra persona del sexo masculino en la cabecera municipal de Santiago Jamiltepec, cuyo cuerpo fue hallado en un local a la orilla de la carretera.<\/p>\n\n\n\n<p>Por otra parte, el pasado jueves en la avenida Las Brisas de Zicatela, agencia de Puerto Escondido, una persona del sexo masculino fue ultimada a balazos.<\/p>\n\n\n\n<p>La v\u00edctima fue identificada como Magdaleno P. R., de unos 40 a\u00f1os de edad, seg\u00fan identificaci\u00f3n de sus familiares.<\/p>\n\n\n\n<p>Fue alrededor de las 21:30 horas en que localizaron el cuerpo, a un costado de una motocicleta marca Italika; ten\u00eda impactos de arma de fuego a la altura del cr\u00e1neo, en la clav\u00edcula y a la altura de la cien.<\/p>\n","protected":false},"excerpt":{"rendered":"<p>Raymundo Morales\/Zona Roja. Oaxaca, Oax., a 28 de junio de 2025.- Un hombre y una&hellip;<\/p>\n","protected":false},"author":2,"featured_media":81835,"comment_status":"closed","ping_status":"open","sticky":false,"template":"","format":"standard","meta":{"_lmt_disableupdate":"","_lmt_disable":"","_jetpack_memberships_contains_paid_content":false,"footnotes":""},"categories":[109,51],"tags":[797],"class_list":["post-81833","post","type-post","status-publish","format-standard","has-post-thumbnail","hentry","category-minuto-a-minuto","category-zona-roja","tag-santiago-jamiltepec"],"jetpack_featured_media_url":"https:\/\/zonaroja.com.mx\/wp-content\/uploads\/2025\/06\/Pareja-asesinada-en-Jamiltepec.jpg","jetpack_sharing_enabled":true,"_links":{"self":[{"href":"https:\/\/zonaroja.com.mx\/index.php?rest_route=\/wp\/v2\/posts\/81833","targetHints":{"allow":["GET"]}}],"collection":[{"href":"https:\/\/zonaroja.com.mx\/index.php?rest_route=\/wp\/v2\/posts"}],"about":[{"href":"https:\/\/zonaroja.com.mx\/index.php?rest_route=\/wp\/v2\/types\/post"}],"author":[{"embeddable":true,"href":"https:\/\/zonaroja.com.mx\/index.php?rest_route=\/wp\/v2\/users\/2"}],"replies":[{"embeddable":true,"href":"https:\/\/zonaroja.com.mx\/index.php?rest_route=%2Fwp%2Fv2%2Fcomments&post=81833"}],"version-history":[{"count":1,"href":"https:\/\/zonaroja.com.mx\/index.php?rest_route=\/wp\/v2\/posts\/81833\/revisions"}],"predecessor-version":[{"id":81836,"href":"https:\/\/zonaroja.com.mx\/index.php?rest_route=\/wp\/v2\/posts\/81833\/revisions\/81836"}],"wp:featuredmedia":[{"embeddable":true,"href":"https:\/\/zonaroja.com.mx\/index.php?rest_route=\/wp\/v2\/media\/81835"}],"wp:attachment":[{"href":"https:\/\/zonaroja.com.mx\/index.php?rest_route=%2Fwp%2Fv2%2Fmedia&parent=81833"}],"wp:term":[{"taxonomy":"category","embeddable":true,"href":"https:\/\/zonaroja.com.mx\/index.php?rest_route=%2Fwp%2Fv2%2Fcategories&post=81833"},{"taxonomy":"post_tag","embeddable":true,"href":"https:\/\/zonaroja.com.mx\/index.php?rest_route=%2Fwp%2Fv2%2Ftags&post=81833"}],"curies":[{"name":"wp","href":"https:\/\/api.w.org\/{rel}","templated":true}]}}