{"id":81837,"date":"2025-06-28T09:45:00","date_gmt":"2025-06-28T15:45:00","guid":{"rendered":"https:\/\/zonaroja.com.mx\/?p=81837"},"modified":"2025-06-28T07:05:55","modified_gmt":"2025-06-28T13:05:55","slug":"otra-del-poder-judicial-juez-libero-a-presuntos-abigeos-y-genero-bloqueos","status":"publish","type":"post","link":"https:\/\/zonaroja.com.mx\/?p=81837","title":{"rendered":"Otra del Poder Judicial: juez liber\u00f3 a presuntos abigeos y gener\u00f3 bloqueos"},"content":{"rendered":"\n<p>Redacci\u00f3n\/Zona Roja.<\/p>\n\n\n\n<p>Oaxaca, Oax., a 28 de junio de 2025.- La determinaci\u00f3n de un juez del Poder Judicial de Oaxaca de liberar a presuntos abigeos, gener\u00f3 ayer inconformidad y bloqueo de ganaderos por varias horas en la carretera Trans\u00edstminica, en jurisdicci\u00f3n de Juchit\u00e1n de Zaragoza.<\/p>\n\n\n\n<p>Fue el pasado martes 24 de junio de 2025, cuando un ganadero se percat\u00f3 que un grupo de personas se rob\u00f3 al menos tres cabezas de ganado en el municipio de San Blas Atempa.<\/p>\n\n\n\n<p>Al reportar los hechos, las cabezas de ganado y los probables responsables fueron interceptados y detenidos por la polic\u00eda municipal en El Espinal, por lo que fueron puestos a disposici\u00f3n del Ministerio P\u00fablico.<\/p>\n\n\n\n<p>Luego de reunir los datos de prueba suficientes para formular la acusaci\u00f3n por el delito de Abigeato, el jueves 26 de junio de 2025, los detenidos fueron llevados a audiencia de Control de Detenci\u00f3n, donde el Juez del Tribunal Superior de Justicia del Estado de Oaxaca los puso en libertad.<\/p>\n\n\n\n<p>De acuerdo con los integrantes de Uni\u00f3n Ganadera Regional del Istmo de Tehuantepec, fueron puestos a disposici\u00f3n tanto los presuntos delincuentes como un arma de fuego, 78 mil pesos y facturas falsas; sin embargo las pruebas no fueron tomadas en cuenta.<\/p>\n\n\n\n<p>Tras el bloqueo de ayer, a la altura del canal 33 de Juchit\u00e1n, intervino personal de la Vicefiscal\u00eda Regional del Istmo, de la Fiscal\u00eda General del Estado de Oaxaca (FGEO), junto con la Secretar\u00eda de Gobierno (SEGO), quienes sostuvieron una reuni\u00f3n de trabajo con los representantes de los ganaderos y con quienes acord\u00f3 acciones inmediatas para mejorar los procesos de atenci\u00f3n al delito de abigeato ocurrido recientemente en la regi\u00f3n.<\/p>\n\n\n\n<p>Acordaron que se tomar\u00e1n medidas preventivas, lo que permiti\u00f3 que la organizaci\u00f3n retirara el bloqueo carretero; asimismo se dar\u00e1 seguimiento a la carpeta de investigaci\u00f3n para dar con los responsables de este delito.<\/p>\n\n\n\n<p>Igualmente, la Fiscal\u00eda General lleva a cabo los trabajos legales para presentar los recursos procesales id\u00f3neos para proteger los derechos de las v\u00edctimas de abigeato.<\/p>\n","protected":false},"excerpt":{"rendered":"<p>Redacci\u00f3n\/Zona Roja. Oaxaca, Oax., a 28 de junio de 2025.- La determinaci\u00f3n de un juez&hellip;<\/p>\n","protected":false},"author":2,"featured_media":81834,"comment_status":"closed","ping_status":"open","sticky":false,"template":"","format":"standard","meta":{"_lmt_disableupdate":"","_lmt_disable":"","_jetpack_memberships_contains_paid_content":false,"footnotes":""},"categories":[109,47],"tags":[494],"class_list":["post-81837","post","type-post","status-publish","format-standard","has-post-thumbnail","hentry","category-minuto-a-minuto","category-zona-gris","tag-fiscalia-general-del-estado-de-oaxaca"],"jetpack_featured_media_url":"https:\/\/zonaroja.com.mx\/wp-content\/uploads\/2025\/06\/Bloqueo-ganaderos-canal-33-Juchitan.jpg","jetpack_sharing_enabled":true,"_links":{"self":[{"href":"https:\/\/zonaroja.com.mx\/index.php?rest_route=\/wp\/v2\/posts\/81837","targetHints":{"allow":["GET"]}}],"collection":[{"href":"https:\/\/zonaroja.com.mx\/index.php?rest_route=\/wp\/v2\/posts"}],"about":[{"href":"https:\/\/zonaroja.com.mx\/index.php?rest_route=\/wp\/v2\/types\/post"}],"author":[{"embeddable":true,"href":"https:\/\/zonaroja.com.mx\/index.php?rest_route=\/wp\/v2\/users\/2"}],"replies":[{"embeddable":true,"href":"https:\/\/zonaroja.com.mx\/index.php?rest_route=%2Fwp%2Fv2%2Fcomments&post=81837"}],"version-history":[{"count":1,"href":"https:\/\/zonaroja.com.mx\/index.php?rest_route=\/wp\/v2\/posts\/81837\/revisions"}],"predecessor-version":[{"id":81838,"href":"https:\/\/zonaroja.com.mx\/index.php?rest_route=\/wp\/v2\/posts\/81837\/revisions\/81838"}],"wp:featuredmedia":[{"embeddable":true,"href":"https:\/\/zonaroja.com.mx\/index.php?rest_route=\/wp\/v2\/media\/81834"}],"wp:attachment":[{"href":"https:\/\/zonaroja.com.mx\/index.php?rest_route=%2Fwp%2Fv2%2Fmedia&parent=81837"}],"wp:term":[{"taxonomy":"category","embeddable":true,"href":"https:\/\/zonaroja.com.mx\/index.php?rest_route=%2Fwp%2Fv2%2Fcategories&post=81837"},{"taxonomy":"post_tag","embeddable":true,"href":"https:\/\/zonaroja.com.mx\/index.php?rest_route=%2Fwp%2Fv2%2Ftags&post=81837"}],"curies":[{"name":"wp","href":"https:\/\/api.w.org\/{rel}","templated":true}]}}