{"id":81850,"date":"2025-06-28T14:08:00","date_gmt":"2025-06-28T20:08:00","guid":{"rendered":"https:\/\/zonaroja.com.mx\/?p=81850"},"modified":"2025-06-28T08:10:28","modified_gmt":"2025-06-28T14:10:28","slug":"incrementan-asientos-disponibles-en-su-vuelodel-aifa-a-ciudad-ixtepec","status":"publish","type":"post","link":"https:\/\/zonaroja.com.mx\/?p=81850","title":{"rendered":"Incrementan asientos disponibles en su vuelodel AIFA a Ciudad Ixtepec"},"content":{"rendered":"\n<p>Redacci\u00f3n\/Zona Roja.&nbsp;<\/p>\n\n\n\n<p>Oaxaca, Oax., a 28 de junio de 2025.- La Secretar\u00eda de Turismo del Estado (Sectur Oaxaca) dio a conocer que la aerol\u00ednea Mexicana de Aviaci\u00f3n anunci\u00f3 que aumenta el n\u00famero de asientos disponibles en el vuelo que conecta al Aeropuerto Internacional Felipe \u00c1ngeles (AIFA) con el Aeropuerto de Ciudad Ixtepec, en la regi\u00f3n del Istmo de Tehuantepec.<\/p>\n\n\n\n<p>Este incremento en la disponibilidad de asientos pasa de 50 a 174 por vuelo, a trav\u00e9s de una aeronave Boeing 737, lo que representa una oferta total de 2 mil 436 asientos para el mes de julio.<\/p>\n\n\n\n<p>La dependencia detall\u00f3 que partir de este mi\u00e9rcoles 25 de junio, entra en operaci\u00f3n el aumento en la oferta de asientos, lo que representa mayores opciones para las personas visitantes, quienes podr\u00e1n disfrutar la riqueza cultural y natural istme\u00f1a, as\u00ed como asistir a la Guelaguetza, la m\u00e1xima fiesta de las y los oaxaque\u00f1os.<\/p>\n\n\n\n<p>Con este vuelo que inici\u00f3 operaciones el 5 de febrero de 2024, se retom\u00f3 la conectividad en este aeropuerto que hab\u00eda dejado de operar vuelos desde 2023, y actualmente cuenta con tres frecuencias semanales los d\u00edas lunes, mi\u00e9rcoles y s\u00e1bado.<\/p>\n\n\n\n<p>La Sectur Oaxaca se\u00f1al\u00f3 que esta acci\u00f3n es resultado del trabajo conjunto con la aerol\u00ednea del Estado Mexicano y el AIFA, los cuales seguir\u00e1n trabajando para fortalecer la conectividad a\u00e9rea hacia la regi\u00f3n del Istmo de Tehuantepec pues representa un importante polo de desarrollo econ\u00f3mico, tur\u00edstico y social, de alto inter\u00e9s para el Gobierno Federal.<\/p>\n\n\n\n<p>Cabe se\u00f1alar que el Aeropuerto de Ciudad Ixtepec, de enero a mayo de 2025, registr\u00f3 66 frecuencias acumuladas, con una ocupaci\u00f3n de 62.24 por ciento y un tr\u00e1fico a\u00e9reo de 4 mil 382 personas atendidas.<\/p>\n","protected":false},"excerpt":{"rendered":"<p>Redacci\u00f3n\/Zona Roja.&nbsp; Oaxaca, Oax., a 28 de junio de 2025.- La Secretar\u00eda de Turismo del&hellip;<\/p>\n","protected":false},"author":2,"featured_media":76205,"comment_status":"closed","ping_status":"open","sticky":false,"template":"","format":"standard","meta":{"_lmt_disableupdate":"","_lmt_disable":"","_jetpack_memberships_contains_paid_content":false,"footnotes":""},"categories":[109,46],"tags":[1031],"class_list":["post-81850","post","type-post","status-publish","format-standard","has-post-thumbnail","hentry","category-minuto-a-minuto","category-zona-blanca","tag-secretaria-de-turismo-oaxaca"],"jetpack_featured_media_url":"https:\/\/zonaroja.com.mx\/wp-content\/uploads\/2025\/01\/Mexicana-de-Aviacion-del-Estado.jpg","jetpack_sharing_enabled":true,"_links":{"self":[{"href":"https:\/\/zonaroja.com.mx\/index.php?rest_route=\/wp\/v2\/posts\/81850","targetHints":{"allow":["GET"]}}],"collection":[{"href":"https:\/\/zonaroja.com.mx\/index.php?rest_route=\/wp\/v2\/posts"}],"about":[{"href":"https:\/\/zonaroja.com.mx\/index.php?rest_route=\/wp\/v2\/types\/post"}],"author":[{"embeddable":true,"href":"https:\/\/zonaroja.com.mx\/index.php?rest_route=\/wp\/v2\/users\/2"}],"replies":[{"embeddable":true,"href":"https:\/\/zonaroja.com.mx\/index.php?rest_route=%2Fwp%2Fv2%2Fcomments&post=81850"}],"version-history":[{"count":1,"href":"https:\/\/zonaroja.com.mx\/index.php?rest_route=\/wp\/v2\/posts\/81850\/revisions"}],"predecessor-version":[{"id":81851,"href":"https:\/\/zonaroja.com.mx\/index.php?rest_route=\/wp\/v2\/posts\/81850\/revisions\/81851"}],"wp:featuredmedia":[{"embeddable":true,"href":"https:\/\/zonaroja.com.mx\/index.php?rest_route=\/wp\/v2\/media\/76205"}],"wp:attachment":[{"href":"https:\/\/zonaroja.com.mx\/index.php?rest_route=%2Fwp%2Fv2%2Fmedia&parent=81850"}],"wp:term":[{"taxonomy":"category","embeddable":true,"href":"https:\/\/zonaroja.com.mx\/index.php?rest_route=%2Fwp%2Fv2%2Fcategories&post=81850"},{"taxonomy":"post_tag","embeddable":true,"href":"https:\/\/zonaroja.com.mx\/index.php?rest_route=%2Fwp%2Fv2%2Ftags&post=81850"}],"curies":[{"name":"wp","href":"https:\/\/api.w.org\/{rel}","templated":true}]}}