{"id":81855,"date":"2025-06-29T11:13:00","date_gmt":"2025-06-29T17:13:00","guid":{"rendered":"https:\/\/zonaroja.com.mx\/?p=81855"},"modified":"2025-06-29T06:04:32","modified_gmt":"2025-06-29T12:04:32","slug":"corte-suprema-de-brasil-endurece-reglas-para-redes-sociales","status":"publish","type":"post","link":"https:\/\/zonaroja.com.mx\/?p=81855","title":{"rendered":"Corte suprema de Brasil endurece reglas para redes sociales"},"content":{"rendered":"\n<p>Redacci\u00f3n\/Zona Roja Cdmx.<\/p>\n\n\n\n<p>Ciudad de M\u00e9xico, a 29 de junio de 2025.- La corte suprema de Brasil decidi\u00f3 este jueves aumentar las obligaciones de las plataformas digitales sobre los contenidos publicados por sus usuarios, en un proceso in\u00e9dito en Am\u00e9rica Latina sobre la propagaci\u00f3n de noticias falsas y discursos de odio en internet.<\/p>\n\n\n\n<p>La decisi\u00f3n del m\u00e1ximo tribunal afecta a empresas como X, TikTok, Instagram y Facebook, que en adelante deber\u00e1n eliminar \u00abde inmediato\u00bb publicaciones que violen la ley, sin esperar orden de un juez.<\/p>\n\n\n\n<p>Aunque analiz\u00f3 casos puntuales, la decisi\u00f3n sentar\u00e1 jurisprudencia que alcanzar\u00e1 a decenas de millones de usuarios de redes sociales en Brasil.<\/p>\n\n\n\n<p>Ocho de los once magistrados del tribunal se pronunciaron por la \u00abinconstitucionalidad parcial\u00bb de un art\u00edculo del llamado Marco Civil de Internet, vigente desde 2014, que establece que las empresas tecnol\u00f3gicas solo son responsables si se niegan a acatar un mandato judicial para eliminar contenidos cuestionados.<\/p>\n\n\n\n<p>Tras la decisi\u00f3n de este jueves, las plataformas deber\u00e1n actuar sin necesidad de intervenci\u00f3n judicial para retirar contenidos que promuevan acciones antidemocr\u00e1ticas, terrorismo, discursos de odio, pornograf\u00eda infantil y otros cr\u00edmenes graves.<\/p>\n\n\n\n<p>Para otros contenidos il\u00edcitos, las empresas podr\u00e1n ser responsabilizados por los da\u00f1os causados si eventualmente no los retiran a partir de la notificaci\u00f3n de un tercero.<\/p>\n\n\n\n<p>\u00abPreservamos en la mayor medida posible la libertad de expresi\u00f3n, sin permitir, sin embargo, que el mundo caiga en un abismo de incivilidad, legitimando discursos de odio o cr\u00edmenes indiscriminadamente practicados en la red\u00bb, dijo el juez Luis Roberto Barroso, presidente de la corte.<\/p>\n\n\n\n<p>El magistrado Kassio Nunes, uno de los tres en votar por mantener el art\u00edculo sin cambios, afirm\u00f3 que en internet \u00abla responsabilidad civil es principalmente de quien caus\u00f3 el da\u00f1o\u00bb y no de las plataformas.<\/p>\n\n\n\n<p>Brasil gan\u00f3 protagonismo mundial en torno a las responsabilidades de las plataformas en agosto de 2024, cuando uno de los jueces del tribunal supremo, Alexandre de Moraes, bloque\u00f3 temporalmente el acceso a la red X en todo el pa\u00eds por negarse a acatar \u00f3rdenes judiciales relacionadas con el combate a la desinformaci\u00f3n.<\/p>\n\n\n\n<p>(Informaci\u00f3n de la agencia AFP en \u201cEl Economista\u201d)<\/p>\n","protected":false},"excerpt":{"rendered":"<p>Redacci\u00f3n\/Zona Roja Cdmx. Ciudad de M\u00e9xico, a 29 de junio de 2025.- La corte suprema&hellip;<\/p>\n","protected":false},"author":2,"featured_media":68434,"comment_status":"closed","ping_status":"open","sticky":false,"template":"","format":"standard","meta":{"_lmt_disableupdate":"","_lmt_disable":"","_jetpack_memberships_contains_paid_content":false,"footnotes":""},"categories":[109,46],"tags":[],"class_list":["post-81855","post","type-post","status-publish","format-standard","has-post-thumbnail","hentry","category-minuto-a-minuto","category-zona-blanca"],"jetpack_featured_media_url":"https:\/\/zonaroja.com.mx\/wp-content\/uploads\/2024\/05\/Redes-sociales-enganchada.jpeg","jetpack_sharing_enabled":true,"_links":{"self":[{"href":"https:\/\/zonaroja.com.mx\/index.php?rest_route=\/wp\/v2\/posts\/81855","targetHints":{"allow":["GET"]}}],"collection":[{"href":"https:\/\/zonaroja.com.mx\/index.php?rest_route=\/wp\/v2\/posts"}],"about":[{"href":"https:\/\/zonaroja.com.mx\/index.php?rest_route=\/wp\/v2\/types\/post"}],"author":[{"embeddable":true,"href":"https:\/\/zonaroja.com.mx\/index.php?rest_route=\/wp\/v2\/users\/2"}],"replies":[{"embeddable":true,"href":"https:\/\/zonaroja.com.mx\/index.php?rest_route=%2Fwp%2Fv2%2Fcomments&post=81855"}],"version-history":[{"count":2,"href":"https:\/\/zonaroja.com.mx\/index.php?rest_route=\/wp\/v2\/posts\/81855\/revisions"}],"predecessor-version":[{"id":81859,"href":"https:\/\/zonaroja.com.mx\/index.php?rest_route=\/wp\/v2\/posts\/81855\/revisions\/81859"}],"wp:featuredmedia":[{"embeddable":true,"href":"https:\/\/zonaroja.com.mx\/index.php?rest_route=\/wp\/v2\/media\/68434"}],"wp:attachment":[{"href":"https:\/\/zonaroja.com.mx\/index.php?rest_route=%2Fwp%2Fv2%2Fmedia&parent=81855"}],"wp:term":[{"taxonomy":"category","embeddable":true,"href":"https:\/\/zonaroja.com.mx\/index.php?rest_route=%2Fwp%2Fv2%2Fcategories&post=81855"},{"taxonomy":"post_tag","embeddable":true,"href":"https:\/\/zonaroja.com.mx\/index.php?rest_route=%2Fwp%2Fv2%2Ftags&post=81855"}],"curies":[{"name":"wp","href":"https:\/\/api.w.org\/{rel}","templated":true}]}}