{"id":81867,"date":"2025-06-29T09:45:00","date_gmt":"2025-06-29T15:45:00","guid":{"rendered":"https:\/\/zonaroja.com.mx\/?p=81867"},"modified":"2025-06-29T06:45:25","modified_gmt":"2025-06-29T12:45:25","slug":"ante-negativa-de-juez-piden-intervencion-de-la-scjn-para-que-se-reconozca-a-guiengola","status":"publish","type":"post","link":"https:\/\/zonaroja.com.mx\/?p=81867","title":{"rendered":"Ante negativa de juez, piden intervenci\u00f3n de la SCJN para que se reconozca a Guiengola"},"content":{"rendered":"\n<p>Redacci\u00f3n\/Zona Roja.<\/p>\n\n\n\n<p>Oaxaca, Oax., a 29 de junio de 2025.- Ante la negativa del juez de Distrito con sede en Salina Cruz, la asociaci\u00f3n civil Litigio Estrat\u00e9gico Ind\u00edgena pidi\u00f3 la intervenci\u00f3n de la Suprema Corte de Justicia de la Naci\u00f3n para reconocer y proteger la zona arqueol\u00f3gica de Guiengola.<\/p>\n\n\n\n<p>El organismo, comprometido con la defensa jur\u00eddica de los pueblos originarios, impulsa un juicio de amparo hist\u00f3rico en defensa de ese sitio prehisp\u00e1nico&nbsp; zapoteca ubicado en la regi\u00f3n del Istmo de Tehuantepec, Oaxaca.<\/p>\n\n\n\n<p>Carlos Morales, presidente de la organizaci\u00f3n y originario de Tehuantepec, promovi\u00f3 el juicio de amparo para exigir que el Instituto Nacional de Antropolog\u00eda e Historia (INAH) emita la declaratoria oficial de zona arqueol\u00f3gica de Guiengola, tal como lo exige la Ley Federal sobre Monumentos y Zonas Arqueol\u00f3gicos.<\/p>\n\n\n\n<p>\u201cSin embargo, el juez de Distrito de Salina Cruz no logr\u00f3 dimensionar la relevancia hist\u00f3rica y cultural del caso, y neg\u00f3 la protecci\u00f3n solicitada. Frente a esa decisi\u00f3n, Litigio Estrat\u00e9gico Ind\u00edgena interpuso un recurso de revisi\u00f3n que fue atra\u00eddo por la Suprema Corte de Justicia de la Naci\u00f3n, reconociendo as\u00ed la trascendencia nacional del asunto\u201d, destac\u00f3 en un comunicado.<\/p>\n\n\n\n<p>El caso ha sido turnado al ministro Alfredo Guti\u00e9rrez Ortiz Mena, quien funge como ministro ponente.&nbsp;<\/p>\n\n\n\n<p>En d\u00edas recientes, Litigio Estrat\u00e9gico Ind\u00edgena solicit\u00f3 formalmente una entrevista con el ministro, con el fin de exponer los antecedentes y la importancia cultural, hist\u00f3rica y espiritual de Guiengola para el pueblo zapoteca. Hasta el momento, no se ha recibido respuesta a dicha solicitud.<\/p>\n\n\n\n<p>\u201cGuiengola no es s\u00f3lo un sitio arqueol\u00f3gico: es un s\u00edmbolo de resistencia, memoria y dignidad ind\u00edgena. La Corte tiene hoy la oportunidad de marcar un precedente fundamental en el respeto a los derechos culturales y territoriales de los pueblos originarios de M\u00e9xico\u201d, remarc\u00f3.<\/p>\n","protected":false},"excerpt":{"rendered":"<p>Redacci\u00f3n\/Zona Roja. Oaxaca, Oax., a 29 de junio de 2025.- Ante la negativa del juez&hellip;<\/p>\n","protected":false},"author":2,"featured_media":81864,"comment_status":"closed","ping_status":"open","sticky":false,"template":"","format":"standard","meta":{"_lmt_disableupdate":"","_lmt_disable":"","_jetpack_memberships_contains_paid_content":false,"footnotes":""},"categories":[109,46],"tags":[897],"class_list":["post-81867","post","type-post","status-publish","format-standard","has-post-thumbnail","hentry","category-minuto-a-minuto","category-zona-blanca","tag-litigio-estrategico-indigena"],"jetpack_featured_media_url":"https:\/\/zonaroja.com.mx\/wp-content\/uploads\/2025\/06\/Zona-arqueologica-Huatulco.jpg","jetpack_sharing_enabled":true,"_links":{"self":[{"href":"https:\/\/zonaroja.com.mx\/index.php?rest_route=\/wp\/v2\/posts\/81867","targetHints":{"allow":["GET"]}}],"collection":[{"href":"https:\/\/zonaroja.com.mx\/index.php?rest_route=\/wp\/v2\/posts"}],"about":[{"href":"https:\/\/zonaroja.com.mx\/index.php?rest_route=\/wp\/v2\/types\/post"}],"author":[{"embeddable":true,"href":"https:\/\/zonaroja.com.mx\/index.php?rest_route=\/wp\/v2\/users\/2"}],"replies":[{"embeddable":true,"href":"https:\/\/zonaroja.com.mx\/index.php?rest_route=%2Fwp%2Fv2%2Fcomments&post=81867"}],"version-history":[{"count":1,"href":"https:\/\/zonaroja.com.mx\/index.php?rest_route=\/wp\/v2\/posts\/81867\/revisions"}],"predecessor-version":[{"id":81868,"href":"https:\/\/zonaroja.com.mx\/index.php?rest_route=\/wp\/v2\/posts\/81867\/revisions\/81868"}],"wp:featuredmedia":[{"embeddable":true,"href":"https:\/\/zonaroja.com.mx\/index.php?rest_route=\/wp\/v2\/media\/81864"}],"wp:attachment":[{"href":"https:\/\/zonaroja.com.mx\/index.php?rest_route=%2Fwp%2Fv2%2Fmedia&parent=81867"}],"wp:term":[{"taxonomy":"category","embeddable":true,"href":"https:\/\/zonaroja.com.mx\/index.php?rest_route=%2Fwp%2Fv2%2Fcategories&post=81867"},{"taxonomy":"post_tag","embeddable":true,"href":"https:\/\/zonaroja.com.mx\/index.php?rest_route=%2Fwp%2Fv2%2Ftags&post=81867"}],"curies":[{"name":"wp","href":"https:\/\/api.w.org\/{rel}","templated":true}]}}