{"id":81871,"date":"2025-06-29T11:45:00","date_gmt":"2025-06-29T17:45:00","guid":{"rendered":"https:\/\/zonaroja.com.mx\/?p=81871"},"modified":"2025-06-29T07:15:43","modified_gmt":"2025-06-29T13:15:43","slug":"lanzan-segunda-emision-del-diplomado-por-el-derecho-a-una-alimentacion-sana-y-nutritiva","status":"publish","type":"post","link":"https:\/\/zonaroja.com.mx\/?p=81871","title":{"rendered":"Lanzan segunda emisi\u00f3n del Diplomado \u201cPor el Derecho a una Alimentaci\u00f3n Sana y Nutritiva\u201d"},"content":{"rendered":"\n<p>Redacci\u00f3n\/Zona Roja.<\/p>\n\n\n\n<p>Oaxaca, Oax., a 29 de junio de 2025.- En la semana que termin\u00f3 dio&nbsp;inicio la segunda emisi\u00f3n del diplomado \u201cPor el Derecho a una Alimentaci\u00f3n Sana y Nutritiva\u201d, impulsado por la Campa\u00f1a Oaxaca sin Chatarra, en coordinaci\u00f3n con instituciones acad\u00e9micas y de salud p\u00fablica.&nbsp;<\/p>\n\n\n\n<p>El diplomado se desarrolla del 20 de junio al 25 de julio de 2025, en modalidad h\u00edbrida con sede presencial en el Instituto de Ciencias de la Educaci\u00f3n de la UABJO.<\/p>\n\n\n\n<p>Con una participaci\u00f3n diversa y comprometida, el grupo est\u00e1 integrado por 35 personas provenientes de diferentes regiones del estado, en su mayor\u00eda mujeres (88.57\u202f%), y con una importante representaci\u00f3n de pueblos originarios como el zapoteco, mixteco y mixe.&nbsp;<\/p>\n\n\n\n<p>Las y los participantes, con edades que van de los 19 a los 66 a\u00f1os, tienen experiencia en los \u00e1mbitos educativo, comunitario y de defensa del derecho a la alimentaci\u00f3n.<\/p>\n\n\n\n<p>Este esfuerzo colectivo forma parte de la Campa\u00f1a Oaxaca sin Chatarra, un proceso ciudadano con casi cinco a\u00f1os de trabajo articulado por 27 organizaciones de la sociedad civil&nbsp;, cuyo grupo impulsor est\u00e1 conformado por&nbsp;Centro Calpulli, Foro Oaxaque\u00f1o del agua,&nbsp;Consorcio Oaxaca, Espiral por la Vida, Tadheni y El Poder del Consumidor, recordaron que&nbsp; Oaxaca se convirti\u00f3 en el primer estado del pa\u00eds en prohibir la venta y distribuci\u00f3n de productos ultraprocesados a menores de edad mediante la Reforma al Art\u00edculo 20 Bis de la Ley Estatal de Protecci\u00f3n de los Derechos de Ni\u00f1as, Ni\u00f1os y Adolescentes en 2020.&nbsp;<\/p>\n\n\n\n<p>El diplomado surge como una respuesta urgente ante la grave crisis alimentaria y de salud p\u00fablica que atraviesa el estado, caracterizada por el aumento de enfermedades cr\u00f3nicas no transmisibles (diabetes, hipertensi\u00f3n, enfermedades cardiovasculares y renales).&nbsp;<\/p>\n\n\n\n<p>Seg\u00fan el \u00faltimo informe de Oaxaca sin Chatarra (2024), el 75\u202f% de la poblaci\u00f3n adulta mexicana presenta sobrepeso u obesidad, y en Oaxaca las ECNT tienen una de las tasas de mortalidad m\u00e1s elevadas del pa\u00eds, especialmente en zonas ind\u00edgenas y marginadas.<\/p>\n\n\n\n<p>El programa acad\u00e9mico est\u00e1 compuesto por seis m\u00f3dulos tem\u00e1ticos que abordan desde el marco legal del derecho a la alimentaci\u00f3n, hasta estrategias de soberan\u00eda alimentaria, impactos del sistema capitalista en la salud, y experiencias territoriales de resistencia. Entre los ponentes destacan especialistas como Alejandro Calvillo, Ornela Garelli&nbsp;y el doctor Hugo L\u00f3pez-Gatell (por confirmar)&nbsp;entre otros.<\/p>\n\n\n\n<p>En la conferencia de prensa llevada a cabo en las instalaciones del ICEUABJO la maestra Leticia Brie\u00f1o Maas, directora del mencionado Instituto, dio la bienvenida a las organizaciones impulsoras de la campa\u00f1a y mencion\u00f3 que la suma de los esfuerzos de sociedad civil y la academia contribuye a la&nbsp;formaci\u00f3n de personas expertas en torno al derecho a la alimentaci\u00f3n en todas sus implicaciones sociales, econ\u00f3micos y pol\u00edticos.<\/p>\n\n\n\n<p>Eduardo Bautista, del Programa Institucional de Cultura de Paz del Instituto de Investigaciones Sociol\u00f3gicas (IISUABJO), resalt\u00f3 la participaci\u00f3n de las facultades de la Universidad en el diplomado como un efecto multiplicador que apuesta a que los participantes&nbsp;se integren&nbsp;en el desarrollo de alternativas y de una nueva cultura alimentaria.<\/p>\n\n\n\n<p>Y\u00e9sica Sanchez Maya, integrante de la direcci\u00f3n colegiada de Consorcio Oaxaca, reconoci\u00f3 a las facultades como grandes aliados hist\u00f3ricos y permanentes, no s\u00f3lo del derecho a la alimentaci\u00f3n sana y nutritiva, sino adem\u00e1s del cambio y transformaci\u00f3n de los derechos humanos y de las mujeres, del acceso a la justicia y de diversos temas que abren brecha para la construcci\u00f3n de sociedades m\u00e1s justas y equitativas.&nbsp;<\/p>\n","protected":false},"excerpt":{"rendered":"<p>Redacci\u00f3n\/Zona Roja. Oaxaca, Oax., a 29 de junio de 2025.- En la semana que termin\u00f3&hellip;<\/p>\n","protected":false},"author":2,"featured_media":81872,"comment_status":"closed","ping_status":"open","sticky":false,"template":"","format":"standard","meta":{"_lmt_disableupdate":"","_lmt_disable":"","_jetpack_memberships_contains_paid_content":false,"footnotes":""},"categories":[109,46],"tags":[548],"class_list":["post-81871","post","type-post","status-publish","format-standard","has-post-thumbnail","hentry","category-minuto-a-minuto","category-zona-blanca","tag-consorcio-oaxaca"],"jetpack_featured_media_url":"https:\/\/zonaroja.com.mx\/wp-content\/uploads\/2025\/06\/Diplomado-alimentacion-sana-Consorcio.jpeg","jetpack_sharing_enabled":true,"_links":{"self":[{"href":"https:\/\/zonaroja.com.mx\/index.php?rest_route=\/wp\/v2\/posts\/81871","targetHints":{"allow":["GET"]}}],"collection":[{"href":"https:\/\/zonaroja.com.mx\/index.php?rest_route=\/wp\/v2\/posts"}],"about":[{"href":"https:\/\/zonaroja.com.mx\/index.php?rest_route=\/wp\/v2\/types\/post"}],"author":[{"embeddable":true,"href":"https:\/\/zonaroja.com.mx\/index.php?rest_route=\/wp\/v2\/users\/2"}],"replies":[{"embeddable":true,"href":"https:\/\/zonaroja.com.mx\/index.php?rest_route=%2Fwp%2Fv2%2Fcomments&post=81871"}],"version-history":[{"count":1,"href":"https:\/\/zonaroja.com.mx\/index.php?rest_route=\/wp\/v2\/posts\/81871\/revisions"}],"predecessor-version":[{"id":81873,"href":"https:\/\/zonaroja.com.mx\/index.php?rest_route=\/wp\/v2\/posts\/81871\/revisions\/81873"}],"wp:featuredmedia":[{"embeddable":true,"href":"https:\/\/zonaroja.com.mx\/index.php?rest_route=\/wp\/v2\/media\/81872"}],"wp:attachment":[{"href":"https:\/\/zonaroja.com.mx\/index.php?rest_route=%2Fwp%2Fv2%2Fmedia&parent=81871"}],"wp:term":[{"taxonomy":"category","embeddable":true,"href":"https:\/\/zonaroja.com.mx\/index.php?rest_route=%2Fwp%2Fv2%2Fcategories&post=81871"},{"taxonomy":"post_tag","embeddable":true,"href":"https:\/\/zonaroja.com.mx\/index.php?rest_route=%2Fwp%2Fv2%2Ftags&post=81871"}],"curies":[{"name":"wp","href":"https:\/\/api.w.org\/{rel}","templated":true}]}}