{"id":81885,"date":"2025-06-29T19:58:14","date_gmt":"2025-06-30T01:58:14","guid":{"rendered":"https:\/\/zonaroja.com.mx\/?p=81885"},"modified":"2025-06-29T19:58:17","modified_gmt":"2025-06-30T01:58:17","slug":"siguen-los-crimenes-en-el-istmo-un-levantado-y-ejecutado-en-petapa","status":"publish","type":"post","link":"https:\/\/zonaroja.com.mx\/?p=81885","title":{"rendered":"Siguen los cr\u00edmenes en el Istmo: un \u201clevantado\u201d y ejecutado en Petapa"},"content":{"rendered":"\n<p>Raymundo Morales\/Zona Roja.<\/p>\n\n\n\n<p>Oaxaca, Oax., a 29 de junio de 2025.- La ola de violencia no cesa en la regi\u00f3n del Istmo de Tehuantepec no cesa y este domingo se confirm\u00f3 que una personal del sexo masculino fue asesinada a balazos.<\/p>\n\n\n\n<p>La v\u00edctima fue identificada como Mois\u00e9s Z. G., a quien conoc\u00edan como \u201cEl Moy\u201d, originario de Mat\u00edas Romero y quien fue \u201clevantado\u201d y ejecutado en la colonia El Baj\u00edo de Santa Mar\u00eda Petapa.<\/p>\n\n\n\n<p>De acuerdo con los primeros reportes policiacos y de medios informativos digitales de la zona, el hombre fue secuestrado en su negocio de elaboraci\u00f3n de tatuajes y llevado con rumbo desconocido.<\/p>\n\n\n\n<p>Esta ma\u00f1ana, tras patrullajes de b\u00fasqueda, el cuerpo fue localizado en el paraje \u201cEl Ajal\u201d; ten\u00eda huellas de tortura y signos de ejecuci\u00f3n, con varios impactos de arma.<\/p>\n\n\n\n<p>Personal de la Vicefiscal\u00eda Regional del Istmo, dependiente de la Fiscal\u00eda General del Estado de Oaxaca, abri\u00f3 la carpeta de investigaci\u00f3n correspondiente y contin\u00faa con las indagatorias.<\/p>\n\n\n\n<p>Hasta el momento no hay reporte de personas detenidas por estos hechos, ante la nula presencia policiaca por parte de los uniformados locales.<\/p>\n\n\n\n<p>Apenas el pasado martes 24 de junio, dos personas, un hombre y una mujer, fueron ultimadas a balazos y sus cuerpos tirados a un costado de la carretera Trans\u00edstmica, a la altura de la comunidad de Vixido, San Juan Guichicovi.<\/p>\n\n\n\n<p>Mientras que el d\u00eda domingo 22 de junio, un individuo fue acribillado a balazos en la colonia San Vicente de Juchit\u00e1n de Zaragoza.<\/p>\n\n\n\n<p>El s\u00e1bado 21 de junio, la Fiscal\u00eda General del Estado de Oaxaca, corporaciones estatales y federales, se apoderaron de la sede de la polic\u00eda municipal y del centro de videovigilancia C2, ante la presunci\u00f3n de que los uniformados estar\u00edan vinculados con el crimen organizado; en esa ocasi\u00f3n se dijo que m\u00e1s de mil elementos se encuentran en el Istmo para evitar m\u00e1s delitos.<\/p>\n","protected":false},"excerpt":{"rendered":"<p>Raymundo Morales\/Zona Roja. Oaxaca, Oax., a 29 de junio de 2025.- La ola de violencia&hellip;<\/p>\n","protected":false},"author":2,"featured_media":74064,"comment_status":"closed","ping_status":"open","sticky":false,"template":"","format":"standard","meta":{"_lmt_disableupdate":"","_lmt_disable":"","_jetpack_memberships_contains_paid_content":false,"footnotes":""},"categories":[109,51],"tags":[211],"class_list":["post-81885","post","type-post","status-publish","format-standard","has-post-thumbnail","hentry","category-minuto-a-minuto","category-zona-roja","tag-santa-maria-petapa"],"jetpack_featured_media_url":"https:\/\/zonaroja.com.mx\/wp-content\/uploads\/2024\/11\/Escena-del-crimen-2.jpg.webp","jetpack_sharing_enabled":true,"_links":{"self":[{"href":"https:\/\/zonaroja.com.mx\/index.php?rest_route=\/wp\/v2\/posts\/81885","targetHints":{"allow":["GET"]}}],"collection":[{"href":"https:\/\/zonaroja.com.mx\/index.php?rest_route=\/wp\/v2\/posts"}],"about":[{"href":"https:\/\/zonaroja.com.mx\/index.php?rest_route=\/wp\/v2\/types\/post"}],"author":[{"embeddable":true,"href":"https:\/\/zonaroja.com.mx\/index.php?rest_route=\/wp\/v2\/users\/2"}],"replies":[{"embeddable":true,"href":"https:\/\/zonaroja.com.mx\/index.php?rest_route=%2Fwp%2Fv2%2Fcomments&post=81885"}],"version-history":[{"count":1,"href":"https:\/\/zonaroja.com.mx\/index.php?rest_route=\/wp\/v2\/posts\/81885\/revisions"}],"predecessor-version":[{"id":81888,"href":"https:\/\/zonaroja.com.mx\/index.php?rest_route=\/wp\/v2\/posts\/81885\/revisions\/81888"}],"wp:featuredmedia":[{"embeddable":true,"href":"https:\/\/zonaroja.com.mx\/index.php?rest_route=\/wp\/v2\/media\/74064"}],"wp:attachment":[{"href":"https:\/\/zonaroja.com.mx\/index.php?rest_route=%2Fwp%2Fv2%2Fmedia&parent=81885"}],"wp:term":[{"taxonomy":"category","embeddable":true,"href":"https:\/\/zonaroja.com.mx\/index.php?rest_route=%2Fwp%2Fv2%2Fcategories&post=81885"},{"taxonomy":"post_tag","embeddable":true,"href":"https:\/\/zonaroja.com.mx\/index.php?rest_route=%2Fwp%2Fv2%2Ftags&post=81885"}],"curies":[{"name":"wp","href":"https:\/\/api.w.org\/{rel}","templated":true}]}}