{"id":8189,"date":"2020-01-29T17:04:16","date_gmt":"2020-01-29T23:04:16","guid":{"rendered":"https:\/\/www.zonaroja.com.mx\/?p=8189"},"modified":"2020-01-29T17:04:19","modified_gmt":"2020-01-29T23:04:19","slug":"manda-el-congreso-al-fiscal-a-ixtlayutla-y-le-pide-crear-fiscalia-especializada-en-feminicidios","status":"publish","type":"post","link":"https:\/\/zonaroja.com.mx\/?p=8189","title":{"rendered":"Manda el Congreso al fiscal a Ixtlayutla y le pide crear fiscal\u00eda especializada en feminicidios"},"content":{"rendered":"\n<p class=\"MsoNormal\">Yuridiana Sosa\/Zona Roja.&nbsp;<\/p>\n\n\n\n<p class=\"MsoNormal\">Oaxaca de Ju\u00e1rez, Oax., 29 de enero de 2020.- Frente a la ola de asesinatos de mujeres en la entidad y la escasa procuraci\u00f3n de justicia en los casos, la 64 Legislatura del Congreso del Estado exhort\u00f3 a la Fiscal\u00eda General del Estado la creaci\u00f3n de una Fiscal\u00eda Especializada para la investigaci\u00f3n del delito de feminicidio.<\/p>\n\n\n\n<p class=\"MsoNormal\">Asimismo, le pidi\u00f3 acudir personalmente a Santiago Ixtlayutla a atender personalmente las investigaciones y la atenci\u00f3n a las v\u00edctimas del triple feminicidio en El Huamuche.&nbsp;<\/p>\n\n\n\n<p class=\"MsoNormal\">Con el antecedente de cinco feminicidios en los \u00faltimos cuatro d\u00edas en Oaxaca, de los cuales en un ataque muri\u00f3 una madre y sus dos menores hijas, adem\u00e1s de un total de 397 feminicidios en el sexenio estatal actual, los diputados aprobaron las propuestas de exhorto promovidas por legisladores de todas las fracciones y le\u00eddas en tribuna por Delfina Elizabeth Guzm\u00e1n D\u00edaz, Hilda Graciela P\u00e9rez Luis y C\u00e9sar Morales Ni\u00f1o.&nbsp;<\/p>\n\n\n\n<p class=\"MsoNormal\">Asi, llamaron al fiscal Rub\u00e9n Vasconcelos M\u00e9ndez a que, una vez creada esta la fiscal\u00eda de feminicidios, su titular sea una persona con estudios en g\u00e9nero y procuraci\u00f3n de justicia, amplia experiencia en la atenci\u00f3n, investigaci\u00f3n, acompa\u00f1amiento o representaci\u00f3n en casos de violencia de g\u00e9nero.<\/p>\n\n\n\n<p class=\"MsoNormal\">Con esta propuesta, los diputados dejaron en evidencia que hasta el momento la Fiscal\u00eda Especializada para la Atenci\u00f3n de Delitos contra la Mujer por Raz\u00f3n de G\u00e9nero es insuficiente para investigar y procurara justicia por los asesinatos contras la oaxaque\u00f1as.<\/p>\n\n\n\n<p class=\"MsoNormal\">Los diputados tambi\u00e9n exhortaron a Vasconcelos M\u00e9ndez se presente en Santiago Ixtayutla para atender personalmente el problema, tras el ataque armado donde una madre y sus dos hijas de dos y siete a\u00f1os perdieron la vida, y otras m\u00e1s resultaron lesionadas el pasado 25 de enero.<\/p>\n\n\n\n<p class=\"MsoNormal\">Demandaron que esta atenci\u00f3n sea oportuna, r\u00e1pida, equitativa, gratuita y efectiva por parte de personal especializado en atenci\u00f3n a los da\u00f1os evitando la revictimizaci\u00f3n de los familiares de las v\u00edctimas.<\/p>\n\n\n\n<p class=\"MsoNormal\">Por este caso tambi\u00e9n exigieron al fiscal ofrecer una conferencia con los medios de comunicaci\u00f3n para que informe de los avances de las carpetas de investigaci\u00f3n que se formaron por los delitos de feminicidio y de las medidas de protecci\u00f3n implementan para salvaguardar la integridad del resto de los integrantes de la familia que tambi\u00e9n fueron agredidos.<\/p>\n\n\n\n<p class=\"MsoNormal\">En el punto de acuerdo tambi\u00e9n se aprob\u00f3 el llamado al Tribunal Superior de Justicia del Estado de Oaxaca para que act\u00fae en coordinaci\u00f3n con los Comit\u00e9s de Atenci\u00f3n, Prevenci\u00f3n y Protecci\u00f3n Legal y Acceso a la Justicia para detener el incremento de violencia en Oaxaca.<\/p>\n\n\n\n<p class=\"MsoNormal\">En un tercer exhorto, pidieron al gobierno de Oaxaca que cambie sus pol\u00edticas de atenci\u00f3n a la violencia de g\u00e9nero debido a que no han funcionado y por el contrario los casos de violencia contra las mujeres se han incrementado.&nbsp;<\/p>\n","protected":false},"excerpt":{"rendered":"<p>Yuridiana Sosa\/Zona Roja.&nbsp; Oaxaca de Ju\u00e1rez, Oax., 29 de enero de 2020.- Frente a la&hellip;<\/p>\n","protected":false},"author":2,"featured_media":8188,"comment_status":"closed","ping_status":"open","sticky":false,"template":"","format":"standard","meta":{"_lmt_disableupdate":"","_lmt_disable":"","_jetpack_memberships_contains_paid_content":false,"footnotes":""},"categories":[109,47],"tags":[213,170],"class_list":["post-8189","post","type-post","status-publish","format-standard","has-post-thumbnail","hentry","category-minuto-a-minuto","category-zona-gris","tag-64-legislatura-de-oaxaca","tag-ruben-vasconcelos-mendez"],"jetpack_featured_media_url":"https:\/\/zonaroja.com.mx\/wp-content\/uploads\/2020\/01\/c999954e-1f3b-4d0b-9199-51e928948083.jpg","jetpack_sharing_enabled":true,"_links":{"self":[{"href":"https:\/\/zonaroja.com.mx\/index.php?rest_route=\/wp\/v2\/posts\/8189","targetHints":{"allow":["GET"]}}],"collection":[{"href":"https:\/\/zonaroja.com.mx\/index.php?rest_route=\/wp\/v2\/posts"}],"about":[{"href":"https:\/\/zonaroja.com.mx\/index.php?rest_route=\/wp\/v2\/types\/post"}],"author":[{"embeddable":true,"href":"https:\/\/zonaroja.com.mx\/index.php?rest_route=\/wp\/v2\/users\/2"}],"replies":[{"embeddable":true,"href":"https:\/\/zonaroja.com.mx\/index.php?rest_route=%2Fwp%2Fv2%2Fcomments&post=8189"}],"version-history":[{"count":1,"href":"https:\/\/zonaroja.com.mx\/index.php?rest_route=\/wp\/v2\/posts\/8189\/revisions"}],"predecessor-version":[{"id":8190,"href":"https:\/\/zonaroja.com.mx\/index.php?rest_route=\/wp\/v2\/posts\/8189\/revisions\/8190"}],"wp:featuredmedia":[{"embeddable":true,"href":"https:\/\/zonaroja.com.mx\/index.php?rest_route=\/wp\/v2\/media\/8188"}],"wp:attachment":[{"href":"https:\/\/zonaroja.com.mx\/index.php?rest_route=%2Fwp%2Fv2%2Fmedia&parent=8189"}],"wp:term":[{"taxonomy":"category","embeddable":true,"href":"https:\/\/zonaroja.com.mx\/index.php?rest_route=%2Fwp%2Fv2%2Fcategories&post=8189"},{"taxonomy":"post_tag","embeddable":true,"href":"https:\/\/zonaroja.com.mx\/index.php?rest_route=%2Fwp%2Fv2%2Ftags&post=8189"}],"curies":[{"name":"wp","href":"https:\/\/api.w.org\/{rel}","templated":true}]}}