{"id":81892,"date":"2025-06-30T07:33:40","date_gmt":"2025-06-30T13:33:40","guid":{"rendered":"https:\/\/zonaroja.com.mx\/?p=81892"},"modified":"2025-06-30T07:33:43","modified_gmt":"2025-06-30T13:33:43","slug":"otra-vez-juchitan-un-ejecutado-la-noche-del-domingo","status":"publish","type":"post","link":"https:\/\/zonaroja.com.mx\/?p=81892","title":{"rendered":"Otra vez Juchit\u00e1n: un ejecutado, la noche del domingo"},"content":{"rendered":"\n<p>Ismael Garc\u00eda M.\/Zona Roja.<\/p>\n\n\n\n<p>Oaxaca, Oax., a 30 de junio de 2025.- Pese a los operativos policiacos en Juchit\u00e1n de Zaragoza, anoche una persona del sexo masculino fue ejecutada a balazos.<\/p>\n\n\n\n<p>Fue en la calle Alta Tensi\u00f3n de la colonia M\u00e1rtires 31 de Julio en que sujetos armados acribillaron a un mototaxistas, cuya identidad se desconoce hasta esta ma\u00f1ana.<\/p>\n\n\n\n<p>Presuntamente fueron al menos dos sujetos a bordo de una motocicleta quienes dispararon en contra de la v\u00edctima, mientras transitaba a bordo de su unidad de motor.<\/p>\n\n\n\n<p>Vecinos dieron aviso a la l\u00ednea de emergencia pero las corporaciones policiacas tardaron en llegar a la zona; posteriormente, personal de la Vicefiscal\u00eda Regional del Istmo dio inicio a las indagatorias correspondientes.<\/p>\n\n\n\n<p>En el caso de Juchit\u00e1n, justo hace ocho d\u00edas asesinaron a balazos a otra persona, en la colonia San Vicente; en el resto de la semana pasada no se reportaron delitos.&nbsp;<\/p>\n\n\n\n<p>Hace poco m\u00e1s de una semana tambi\u00e9n, el gobierno federal y el estatal anunciaron un megaoperativo en dicha ciudad de la regi\u00f3n del Istmo, ante el incremento de los delitos y tras el incendio de dos tiendas Oxxo.<\/p>\n\n\n\n<p>Luego de ello, elementos de la Polic\u00eda Estatal se hicieron cargo de la seguridad de Juchit\u00e1n, debido a que los 218 polic\u00edas municipales fueron separados temporalmente del cargo para cumplir con su examen de control de confianza.<\/p>\n","protected":false},"excerpt":{"rendered":"<p>Ismael Garc\u00eda M.\/Zona Roja. Oaxaca, Oax., a 30 de junio de 2025.- Pese a los&hellip;<\/p>\n","protected":false},"author":2,"featured_media":81893,"comment_status":"closed","ping_status":"open","sticky":false,"template":"","format":"standard","meta":{"_lmt_disableupdate":"","_lmt_disable":"","_jetpack_memberships_contains_paid_content":false,"footnotes":""},"categories":[109,51],"tags":[297],"class_list":["post-81892","post","type-post","status-publish","format-standard","has-post-thumbnail","hentry","category-minuto-a-minuto","category-zona-roja","tag-ejecutado-juchitan"],"jetpack_featured_media_url":"https:\/\/zonaroja.com.mx\/wp-content\/uploads\/2025\/06\/Ejecutado-Juchitan-colonia-Martires-del-31-de-Julio-domingo.jpg","jetpack_sharing_enabled":true,"_links":{"self":[{"href":"https:\/\/zonaroja.com.mx\/index.php?rest_route=\/wp\/v2\/posts\/81892","targetHints":{"allow":["GET"]}}],"collection":[{"href":"https:\/\/zonaroja.com.mx\/index.php?rest_route=\/wp\/v2\/posts"}],"about":[{"href":"https:\/\/zonaroja.com.mx\/index.php?rest_route=\/wp\/v2\/types\/post"}],"author":[{"embeddable":true,"href":"https:\/\/zonaroja.com.mx\/index.php?rest_route=\/wp\/v2\/users\/2"}],"replies":[{"embeddable":true,"href":"https:\/\/zonaroja.com.mx\/index.php?rest_route=%2Fwp%2Fv2%2Fcomments&post=81892"}],"version-history":[{"count":1,"href":"https:\/\/zonaroja.com.mx\/index.php?rest_route=\/wp\/v2\/posts\/81892\/revisions"}],"predecessor-version":[{"id":81894,"href":"https:\/\/zonaroja.com.mx\/index.php?rest_route=\/wp\/v2\/posts\/81892\/revisions\/81894"}],"wp:featuredmedia":[{"embeddable":true,"href":"https:\/\/zonaroja.com.mx\/index.php?rest_route=\/wp\/v2\/media\/81893"}],"wp:attachment":[{"href":"https:\/\/zonaroja.com.mx\/index.php?rest_route=%2Fwp%2Fv2%2Fmedia&parent=81892"}],"wp:term":[{"taxonomy":"category","embeddable":true,"href":"https:\/\/zonaroja.com.mx\/index.php?rest_route=%2Fwp%2Fv2%2Fcategories&post=81892"},{"taxonomy":"post_tag","embeddable":true,"href":"https:\/\/zonaroja.com.mx\/index.php?rest_route=%2Fwp%2Fv2%2Ftags&post=81892"}],"curies":[{"name":"wp","href":"https:\/\/api.w.org\/{rel}","templated":true}]}}