{"id":81901,"date":"2025-06-30T10:28:00","date_gmt":"2025-06-30T16:28:00","guid":{"rendered":"https:\/\/zonaroja.com.mx\/?p=81901"},"modified":"2025-06-30T08:29:30","modified_gmt":"2025-06-30T14:29:30","slug":"opinion-eleccion-judicial-deslegitimada-por-acordeones","status":"publish","type":"post","link":"https:\/\/zonaroja.com.mx\/?p=81901","title":{"rendered":"Opini\u00f3n. Elecci\u00f3n judicial, \u00bfdeslegitimada por \u201cacordeones\u201d?"},"content":{"rendered":"\n<p>Ismael Garc\u00eda M.\/Zona Roja.<\/p>\n\n\n\n<p>Oaxaca, Oax., a 30 de junio de 2025.- S\u00ed, fue una elecci\u00f3n in\u00e9dita. Tan in\u00e9dita como antidemocr\u00e1tica. Tan in\u00e9dita que alrededor del 80 por ciento de los nombres que ven\u00edan en el \u201cacorde\u00f3n\u201d salieron, casualmente, triunfadores, pese a una elecci\u00f3n compleja.<\/p>\n\n\n\n<p>Tomaba al menos 10 minutos decidir y marcar seis boletas para elegir, a\u00fan con la lista ya preparada, a jueces, magistrados y ministros del Poder Judicial de la Federaci\u00f3n, pero eso fue suficiente para que, seg\u00fan el gobierno de M\u00e9xico y el INE, fuera una jornada \u201cejemplar\u201d.<\/p>\n\n\n\n<p>Ya en anteriores entregas, detallamos la serie de irregularidades que hubo a lo largo del proceso, tanto en el Senado de la Rep\u00fablica como en el Instituto Nacional Electoral, INE, y que termin\u00f3 con un aproximado del 13 por ciento de votantes de todo el padr\u00f3n electoral.<\/p>\n\n\n\n<p>Para la Presidenta de M\u00e9xico, Claudia Sheinbaum:<\/p>\n\n\n\n<p>\u201cEntre todas y todos los mexicanos, los que quisieron salir a ejercer su derecho al voto, votamos por el nuevo Poder Judicial. Antes, a los ministros de la Corte los decid\u00eda el presidente y unos cuantos senadores. Eso se acab\u00f3, ahora los ministros y ministras las decide el pueblo de M\u00e9xico con su voto\u201d.<\/p>\n\n\n\n<p>Para ella, como para el morenismo, fue un hito. Pero para la gran mayor\u00eda de los mexicanos, sigue siendo una farsa impulsada desde el gobierno, decidida por el gobierno para tener un nuevo Poder Judicial, pero que ahora puedan controlar ellos mismos.<\/p>\n\n\n\n<p>LAS CONTRARIEDADES<\/p>\n\n\n\n<p>Por ejemplo, la declaraci\u00f3n del INE sobre la validez del proceso judicial para ministros estuvo dividida; seis votaron a favor y cinco en contra. Pero, durante la discusi\u00f3n, por ejemplo, hubo una serie de se\u00f1alamientos, como el del consejero Arturo Castillo Loza, quien evidenci\u00f3 pr\u00e1cticas antidemocr\u00e1ticas, que se cre\u00edan desterradas del sistema electoral mexicano.<\/p>\n\n\n\n<p>Como el que en al menos 818 casillas se haya acreditado una o m\u00e1s irregularidades como, entre ellas participaci\u00f3n de 100% o m\u00e1s de los electores registrados; boletas planchadas, es decir, sin ning\u00fan doblez de que se introdujeron a las urnas; boletas marcadas con una misma caligraf\u00eda; candidaturas que obtuvieron 100% de los votos en casillas; inducci\u00f3n al voto mediante acordeones.<\/p>\n\n\n\n<p>\u201cDeclarar v\u00e1lida una elecci\u00f3n en estas condiciones representar\u00eda enviar un mensaje preocupante a la ciudadan\u00eda que, a\u00fan con evidencias claras de irregularidades, las elecciones pueden considerarse v\u00e1lidas, que no hay consecuencias ante estos conductas\u201d, dijo Dania Ravel.<\/p>\n\n\n\n<p>El consejero Mart\u00edn Faz Mora tambi\u00e9n alert\u00f3 sobre la influencia de los acordeones; por ejemplo, tan solo en la elecci\u00f3n para el Tribunal de Disciplina Judicial, en 51.5% de las casillas ganaron las cinco candidaturas que aparecieron en los \u201cacordeones\u201d, es decir, la lista de aspirantes recomendados.<\/p>\n\n\n\n<p>Y aunque exist\u00edan 174 mil 420 combinaciones en una lista de 38 candidatos para este cargo, de manera inveros\u00edmil en el 90.3% de la casillas los ganadores fueron entre tres y cinco candidatos del acorde\u00f3n.<\/p>\n\n\n\n<p>Otro ejemplo es que los candidatos que aparecieron en los acordeones distribuidos en el pa\u00eds ganaron en m\u00e1s del 20% de las casillas instaladas, y en el caso del Tribunal Electoral (TEPJF), los dos contendientes que estaban en estas listas, obtuvieron el triunfo en m\u00e1s de 50% de las casillas (Informaci\u00f3n de \u201cExpansi\u00f3n Pol\u00edtica\u201d).<\/p>\n\n\n\n<p>El consejero electoral Mart\u00edn Faz realiz\u00f3 un an\u00e1lisis por casillas en donde encontr\u00f3 que en la elecci\u00f3n de la Suprema Corte hubo 19 mil 323 casillas, un 23%, en donde las 9 candidaturas ganadoras corresponden a las promovidas en los acordeones, otro con un 12% donde son 8, 12% donde son 7 y un 11.54% con 6 coincidencias entre otros.<\/p>\n\n\n\n<p>\u00bfCREDIBILIDAD Y LEGITIMIDAD?<\/p>\n\n\n\n<p>Y a\u00fan por encima de ello, hasta el momento est\u00e1n avalados nombres de candidatos ganadores que en su momento fueron acusados de estar involucrados con el crimen organizado o con otros delitos.<\/p>\n\n\n\n<p>En el colmo, el pasado jueves el INE anul\u00f3 el triunfo de 46 candidatos a magistrados y jueces, 45 de ellos por no cumplir con el requisito de tener ocho de promedio en la licenciatura en Derecho o nueve en la especialidad; y uno por estar preso por abuso sexual infantil.&nbsp;<\/p>\n\n\n\n<p>Tres magistrados y seis jueces electos no cumplieron con el promedio de ocho, mientras que 21 magistrados y 15 jueces no acreditaron el promedio de nueve en las materias relacionadas con la especialidad a la que postularon.<\/p>\n\n\n\n<p>Tambi\u00e9n anul\u00f3 el triunfo de H\u00e9ctor Ulises Ordu\u00f1a, juez en materia mixta electo en Veracruz, que se encuentra en prisi\u00f3n preventiva desde el 5 de abril por abuso sexual infantil.&nbsp;<\/p>\n\n\n\n<p>S\u00ed, es cierto, es la primera elecci\u00f3n de este tipo que se realiza en el pa\u00eds. Pero tambi\u00e9n es cierto que el Instituto Nacional Electoral tiene toda la experiencia para efectuar jornadas comiciales y, hasta antes de la elecci\u00f3n judicial, ten\u00eda una amplia credibilidad ciudadana.<\/p>\n\n\n\n<p>No, no es cierto que con el \u201cnuevo\u201d Poder Judicial acabar\u00e1 con todos los vicios en el sistema de administraci\u00f3n de justicia. Lo \u00fanico que pasar\u00e1 es que estar\u00e1 m\u00e1s plegado al Poder Ejecutivo.<\/p>\n\n\n\n<p>\u201c\u00a1Y miren qu\u00e9 sabio es el pueblo de M\u00e9xico, que supo elegir un presidente de la Corte, un ind\u00edgena mixteco (Hugo Aguilar)! \u00bfCu\u00e1ndo hubiera llegado un ind\u00edgena mixteco a ser presidente de la Corte? \u00a1Nunca!, si no lo hubiera decidido el pueblo de M\u00e9xico!\u201d Reiter\u00f3: \u201cAs\u00ed que \u2018con el pueblo, todo; sin el pueblo, nada\u2019\u201d.<\/p>\n\n\n\n<p>Eso dijo la Presidenta Sheinbaum ayer domingo en Colima. Pero la discusi\u00f3n no es si un ind\u00edgena llega o no a la Corte, pues ha ocurrido ya en otros casos, como lo fue del tambi\u00e9n oaxaque\u00f1o Benito Ju\u00e1rez.<\/p>\n\n\n\n<p>Qu\u00e9 bueno que hubo un proceso electoral para designar a los jueces, magistrados y ministros del Poder Judicial. Pero qu\u00e9 malo que fue una simulaci\u00f3n, un fraude, un c\u00famulo de irregularidades, disfrazado de democracia. Y que por supuesto, los electos no tendr\u00e1n ni la credibilidad ni la legitimidad para administrar justicia en el pa\u00eds.<\/p>\n","protected":false},"excerpt":{"rendered":"<p>Ismael Garc\u00eda M.\/Zona Roja. Oaxaca, Oax., a 30 de junio de 2025.- S\u00ed, fue una&hellip;<\/p>\n","protected":false},"author":2,"featured_media":67764,"comment_status":"closed","ping_status":"open","sticky":false,"template":"","format":"standard","meta":{"_lmt_disableupdate":"","_lmt_disable":"","_jetpack_memberships_contains_paid_content":false,"footnotes":""},"categories":[456,109,48],"tags":[1353],"class_list":["post-81901","post","type-post","status-publish","format-standard","has-post-thumbnail","hentry","category-columna","category-minuto-a-minuto","category-zona-critica","tag-opinion-zona-critica"],"jetpack_featured_media_url":"https:\/\/zonaroja.com.mx\/wp-content\/uploads\/2024\/04\/Opinion-Zona-Roja-Ismael-Garcia.jpg","jetpack_sharing_enabled":true,"_links":{"self":[{"href":"https:\/\/zonaroja.com.mx\/index.php?rest_route=\/wp\/v2\/posts\/81901","targetHints":{"allow":["GET"]}}],"collection":[{"href":"https:\/\/zonaroja.com.mx\/index.php?rest_route=\/wp\/v2\/posts"}],"about":[{"href":"https:\/\/zonaroja.com.mx\/index.php?rest_route=\/wp\/v2\/types\/post"}],"author":[{"embeddable":true,"href":"https:\/\/zonaroja.com.mx\/index.php?rest_route=\/wp\/v2\/users\/2"}],"replies":[{"embeddable":true,"href":"https:\/\/zonaroja.com.mx\/index.php?rest_route=%2Fwp%2Fv2%2Fcomments&post=81901"}],"version-history":[{"count":1,"href":"https:\/\/zonaroja.com.mx\/index.php?rest_route=\/wp\/v2\/posts\/81901\/revisions"}],"predecessor-version":[{"id":81902,"href":"https:\/\/zonaroja.com.mx\/index.php?rest_route=\/wp\/v2\/posts\/81901\/revisions\/81902"}],"wp:featuredmedia":[{"embeddable":true,"href":"https:\/\/zonaroja.com.mx\/index.php?rest_route=\/wp\/v2\/media\/67764"}],"wp:attachment":[{"href":"https:\/\/zonaroja.com.mx\/index.php?rest_route=%2Fwp%2Fv2%2Fmedia&parent=81901"}],"wp:term":[{"taxonomy":"category","embeddable":true,"href":"https:\/\/zonaroja.com.mx\/index.php?rest_route=%2Fwp%2Fv2%2Fcategories&post=81901"},{"taxonomy":"post_tag","embeddable":true,"href":"https:\/\/zonaroja.com.mx\/index.php?rest_route=%2Fwp%2Fv2%2Ftags&post=81901"}],"curies":[{"name":"wp","href":"https:\/\/api.w.org\/{rel}","templated":true}]}}