{"id":81903,"date":"2025-06-30T11:30:00","date_gmt":"2025-06-30T17:30:00","guid":{"rendered":"https:\/\/zonaroja.com.mx\/?p=81903"},"modified":"2025-06-30T08:37:01","modified_gmt":"2025-06-30T14:37:01","slug":"consolidara-el-senado-a-la-guardia-nacional-con-reformas","status":"publish","type":"post","link":"https:\/\/zonaroja.com.mx\/?p=81903","title":{"rendered":"Consolidar\u00e1 el Senado a la Guardia Nacional, con reformas"},"content":{"rendered":"\n<p>Redacci\u00f3n\/Zona Roja Cdmx.<\/p>\n\n\n\n<p>Ciudad de M\u00e9xico, a 30 de junio de 2025.- En el marco del sexto aniversario de la Guardia Nacional, aprobaremos la iniciativa propuesta por la presidenta de M\u00e9xico, la doctora Claudia Sheinbaum Pardo, para consolidar a esta instituci\u00f3n como una fuerza de seguridad p\u00fablica altamente capacitada y permanente para la construcci\u00f3n de paz y la seguridad en el pa\u00eds, asegur\u00f3 el senador Antonino Morales Toledo.<\/p>\n\n\n\n<p>El integrante de la Comisi\u00f3n de Estudios Legislativos Segunda apunt\u00f3 que, &nbsp;entre los objetivos fundamentales de la legislaci\u00f3n que Morena en el Senado aprobar\u00e1 en los d\u00edas que restan al per\u00edodo extraordinario, est\u00e1n: garantizar la operatividad, estructura y funciones de la Guardia Nacional; profesionalizar a los cuerpos de seguridad p\u00fablica del estado; establecer estrictos controles de confianza y supervisi\u00f3n; y articular los esfuerzos de las instituciones de los tres \u00f3rdenes de gobierno en el trabajo de inteligencia e investigaci\u00f3n.<\/p>\n\n\n\n<p>\u201cAhora la Guardia Nacional tendr\u00e1 la capacidad de generar trabajo de inteligencia, investigar delitos y, sobre todo, coadyuvar con las instituciones policiales, de procuraci\u00f3n e impartici\u00f3n de justicia\u00bb, dijo Nino Morales.<\/p>\n\n\n\n<p>El legislador zapoteco indic\u00f3 que, con la armonizaci\u00f3n y fortalecimiento del marco jur\u00eddico secundario de la Guardia Nacional, se acentuar\u00e1 la gobernabilidad en todo el territorio nacional a trav\u00e9s del fortalecimiento del estado de derecho, \u201clas 32 entidades federativas pueden dar cuenta que el trabajo de la Guardia es medular e indispensable\u201d.<\/p>\n\n\n\n<p>Al referirse a la Ley General del Sistema Nacional de Seguridad P\u00fablica, cuyo dictamen ser\u00e1 llevado al pleno, Morales Toledo, explic\u00f3 que sentar\u00e1 las bases de la integraci\u00f3n, atribuciones, responsabilidades y formas de colaboraci\u00f3n espec\u00edficas entre las diferentes instituciones de seguridad p\u00fablica de los tres \u00f3rdenes de gobierno.<\/p>\n\n\n\n<p>\u201cCumplimentar los objetivos establecidos en la Estrategia Nacional de Seguridad Nacional 2024-2030, es indispensable ampliar las capacidades operativas y de cooperaci\u00f3n del Sistema Nacional de Inteligencia para coadyuvar con todas las entidades federativas para mitigar la incidencia delictiva, particularmente de los delitos de alto impacto.<\/p>\n\n\n\n<p>Morales Toledo dijo que la funcionalidad y eficiencia de la colaboraci\u00f3n de los tres \u00f3rdenes de gobierno para prevenir, investigar y sancionar el delito est\u00e1n supeditadas a la aprobaci\u00f3n de la Ley del Sistema Nacional de Investigaci\u00f3n e Inteligencia en materia de seguridad p\u00fablica.&nbsp;<\/p>\n\n\n\n<p>\u201cEn Oaxaca sabemos de primera la eficacia de la colaboraci\u00f3n interinstitucional, se han realizado dos operativos coordinados por el Gabinete de Seguridad federal, encabezado por el secretario Omar Garc\u00eda Harfuch, con la participaci\u00f3n de la polic\u00eda estatal y la Fiscal\u00eda General del estado con un \u00e9xito rotundo, afectando la estructura de organizaciones criminales regionales\u201d, se\u00f1al\u00f3.<\/p>\n","protected":false},"excerpt":{"rendered":"<p>Redacci\u00f3n\/Zona Roja Cdmx. Ciudad de M\u00e9xico, a 30 de junio de 2025.- En el marco&hellip;<\/p>\n","protected":false},"author":2,"featured_media":76106,"comment_status":"closed","ping_status":"open","sticky":false,"template":"","format":"standard","meta":{"_lmt_disableupdate":"","_lmt_disable":"","_jetpack_memberships_contains_paid_content":false,"footnotes":""},"categories":[109,46],"tags":[180],"class_list":["post-81903","post","type-post","status-publish","format-standard","has-post-thumbnail","hentry","category-minuto-a-minuto","category-zona-blanca","tag-antonino-morales-toledo"],"jetpack_featured_media_url":"https:\/\/zonaroja.com.mx\/wp-content\/uploads\/2025\/01\/Antonino-Morales-Senado.jpg","jetpack_sharing_enabled":true,"_links":{"self":[{"href":"https:\/\/zonaroja.com.mx\/index.php?rest_route=\/wp\/v2\/posts\/81903","targetHints":{"allow":["GET"]}}],"collection":[{"href":"https:\/\/zonaroja.com.mx\/index.php?rest_route=\/wp\/v2\/posts"}],"about":[{"href":"https:\/\/zonaroja.com.mx\/index.php?rest_route=\/wp\/v2\/types\/post"}],"author":[{"embeddable":true,"href":"https:\/\/zonaroja.com.mx\/index.php?rest_route=\/wp\/v2\/users\/2"}],"replies":[{"embeddable":true,"href":"https:\/\/zonaroja.com.mx\/index.php?rest_route=%2Fwp%2Fv2%2Fcomments&post=81903"}],"version-history":[{"count":1,"href":"https:\/\/zonaroja.com.mx\/index.php?rest_route=\/wp\/v2\/posts\/81903\/revisions"}],"predecessor-version":[{"id":81904,"href":"https:\/\/zonaroja.com.mx\/index.php?rest_route=\/wp\/v2\/posts\/81903\/revisions\/81904"}],"wp:featuredmedia":[{"embeddable":true,"href":"https:\/\/zonaroja.com.mx\/index.php?rest_route=\/wp\/v2\/media\/76106"}],"wp:attachment":[{"href":"https:\/\/zonaroja.com.mx\/index.php?rest_route=%2Fwp%2Fv2%2Fmedia&parent=81903"}],"wp:term":[{"taxonomy":"category","embeddable":true,"href":"https:\/\/zonaroja.com.mx\/index.php?rest_route=%2Fwp%2Fv2%2Fcategories&post=81903"},{"taxonomy":"post_tag","embeddable":true,"href":"https:\/\/zonaroja.com.mx\/index.php?rest_route=%2Fwp%2Fv2%2Ftags&post=81903"}],"curies":[{"name":"wp","href":"https:\/\/api.w.org\/{rel}","templated":true}]}}