{"id":81905,"date":"2025-06-30T12:37:00","date_gmt":"2025-06-30T18:37:00","guid":{"rendered":"https:\/\/zonaroja.com.mx\/?p=81905"},"modified":"2025-06-30T08:37:59","modified_gmt":"2025-06-30T14:37:59","slug":"obtiene-claudia-sheinbaum-76-de-aprobacion-en-junio","status":"publish","type":"post","link":"https:\/\/zonaroja.com.mx\/?p=81905","title":{"rendered":"Obtiene Claudia Sheinbaum 76% de aprobaci\u00f3n en junio\u00a0"},"content":{"rendered":"\n<p>Redacci\u00f3n\/Zona Roja Cdmx.<\/p>\n\n\n\n<p>Ciudad de M\u00e9xico, a 30 de junio de 2025.- La presidenta Claudia Sheinbaum obtuvo un nivel de aprobaci\u00f3n ciudadana de 76% en el mes de junio, seg\u00fan la encuesta nacional m\u00e1s reciente de \u201cEl Financiero\u201d. La desaprobaci\u00f3n al trabajo de la mandataria fue de 22%.<\/p>\n\n\n\n<p>Este mes que termina, la presidenta asisti\u00f3 a la reuni\u00f3n del G7 celebrada en Canad\u00e1, y la encuesta arroja que 74% de las personas calific\u00f3 bien o muy bien la participaci\u00f3n de Sheinbaum en la cumbre con mandatarios de diversos pa\u00edses. No obstante, 73% evalu\u00f3 como mal o muy mal la cancelaci\u00f3n de la reuni\u00f3n prevista con el presidente de Estados Unidos, Donald Trump, debido a ajustes en su agenda por el conflicto con Ir\u00e1n.<\/p>\n\n\n\n<p>Seg\u00fan el seguimiento de encuestas de este diario, la percepci\u00f3n sobre la relaci\u00f3n entre M\u00e9xico y Estados Unidos volvi\u00f3 a empeorar en junio, luego de que el mes pasado hab\u00eda tenido un giro positivo. En este mes, 33% dijo ver una relaci\u00f3n favorable, mientras que 49% la describi\u00f3 como mala o muy mala.<\/p>\n\n\n\n<p>De hecho, la encuesta marca un r\u00e9cord en el nivel de percepci\u00f3n negativa sobre la relaci\u00f3n entre Sheinbaum y Trump, la cual alcanz\u00f3 57%, el nivel m\u00e1s alto desde enero de este a\u00f1o, cuando el republicano tom\u00f3 la Presidencia de Estados Unidos.<\/p>\n\n\n\n<p>En contraste, 31% ve una relaci\u00f3n positiva entre ambos mandatarios. Puede haber diversos factores, pero la cancelaci\u00f3n de la reuni\u00f3n Sheinbaum-Trump pudo haber contribuido al deterioro de esta percepci\u00f3n.<\/p>\n\n\n\n<p>Uno de los temas que surgi\u00f3 durante la visita de Sheinbaum a Canad\u00e1 fue que se trasladara en un vuelo comercial. A pesar de lo controvertido del asunto entre ciertos c\u00edrculos, 80% de las personas entrevistadas calific\u00f3 como bien o muy bien esa acci\u00f3n, mientras que 16% la evalu\u00f3 como mal o muy mal.<\/p>\n\n\n\n<p>Al preguntar c\u00f3mo debe viajar la presidenta de M\u00e9xico a otros pa\u00edses, 40% dijo que en aviones oficiales, por razones de seguridad y protecci\u00f3n, mientras que una mayor\u00eda de 56% indic\u00f3 que en vuelos comerciales, por razones de austeridad y sensibilidad con el pueblo.<\/p>\n\n\n\n<p>En cuanto al desempe\u00f1o de gobierno, la encuesta indica que 81% de las personas evalu\u00f3 positivamente el manejo de los apoyos sociales y 68% el manejo de la econom\u00eda.<\/p>\n\n\n\n<p>Por el contrario, el manejo de la seguridad p\u00fablica divide opiniones, 46% dio una postura favorable y 46% una opini\u00f3n desfavorable. En tanto, el manejo de la corrupci\u00f3n y el crimen organizado registran mayor\u00edas de evaluaci\u00f3n desfavorable: 64% en corrupci\u00f3n y 71% en crimen organizado.<\/p>\n\n\n\n<p>De acuerdo con el sondeo, la inseguridad p\u00fablica es el problema principal del pa\u00eds, seg\u00fan 61% de las personas entrevistadas, mientras que la corrupci\u00f3n registr\u00f3 18% en junio.<\/p>\n\n\n\n<p>***********<\/p>\n\n\n\n<p>Metodolog\u00eda: Encuesta nacional realizada v\u00eda telef\u00f3nica a 1,000 mexicanos adultos del 5 al 9 y del 19 al 23 de junio de 2025. Se hizo un muestreo probabil\u00edstico de tel\u00e9fonos residenciales y celulares en las 32 entidades federativas. Con un nivel de confianza de 95%, el margen de error de las estimaciones es de +\/-3.1 por ciento. *Pregunta realizada del 19 al 23 de junio (n=500).<\/p>\n\n\n\n<p>(Informaci\u00f3n de \u201cEl Financiero\u201d)<\/p>\n","protected":false},"excerpt":{"rendered":"<p>Redacci\u00f3n\/Zona Roja Cdmx. Ciudad de M\u00e9xico, a 30 de junio de 2025.- La presidenta Claudia&hellip;<\/p>\n","protected":false},"author":2,"featured_media":72993,"comment_status":"closed","ping_status":"open","sticky":false,"template":"","format":"standard","meta":{"_lmt_disableupdate":"","_lmt_disable":"","_jetpack_memberships_contains_paid_content":false,"footnotes":""},"categories":[109,46],"tags":[3370],"class_list":["post-81905","post","type-post","status-publish","format-standard","has-post-thumbnail","hentry","category-minuto-a-minuto","category-zona-blanca","tag-claudia-sheinbaum"],"jetpack_featured_media_url":"https:\/\/zonaroja.com.mx\/wp-content\/uploads\/2024\/10\/Claudia-Sheinbaum-1.jpg.webp","jetpack_sharing_enabled":true,"_links":{"self":[{"href":"https:\/\/zonaroja.com.mx\/index.php?rest_route=\/wp\/v2\/posts\/81905","targetHints":{"allow":["GET"]}}],"collection":[{"href":"https:\/\/zonaroja.com.mx\/index.php?rest_route=\/wp\/v2\/posts"}],"about":[{"href":"https:\/\/zonaroja.com.mx\/index.php?rest_route=\/wp\/v2\/types\/post"}],"author":[{"embeddable":true,"href":"https:\/\/zonaroja.com.mx\/index.php?rest_route=\/wp\/v2\/users\/2"}],"replies":[{"embeddable":true,"href":"https:\/\/zonaroja.com.mx\/index.php?rest_route=%2Fwp%2Fv2%2Fcomments&post=81905"}],"version-history":[{"count":1,"href":"https:\/\/zonaroja.com.mx\/index.php?rest_route=\/wp\/v2\/posts\/81905\/revisions"}],"predecessor-version":[{"id":81906,"href":"https:\/\/zonaroja.com.mx\/index.php?rest_route=\/wp\/v2\/posts\/81905\/revisions\/81906"}],"wp:featuredmedia":[{"embeddable":true,"href":"https:\/\/zonaroja.com.mx\/index.php?rest_route=\/wp\/v2\/media\/72993"}],"wp:attachment":[{"href":"https:\/\/zonaroja.com.mx\/index.php?rest_route=%2Fwp%2Fv2%2Fmedia&parent=81905"}],"wp:term":[{"taxonomy":"category","embeddable":true,"href":"https:\/\/zonaroja.com.mx\/index.php?rest_route=%2Fwp%2Fv2%2Fcategories&post=81905"},{"taxonomy":"post_tag","embeddable":true,"href":"https:\/\/zonaroja.com.mx\/index.php?rest_route=%2Fwp%2Fv2%2Ftags&post=81905"}],"curies":[{"name":"wp","href":"https:\/\/api.w.org\/{rel}","templated":true}]}}