{"id":8191,"date":"2020-01-29T19:30:38","date_gmt":"2020-01-30T01:30:38","guid":{"rendered":"http:\/\/www.zonaroja.com.mx\/?p=8191"},"modified":"2020-01-29T19:30:40","modified_gmt":"2020-01-30T01:30:40","slug":"crea-congreso-nuevas-comisiones-y-modifica-calendario-de-comparecencias","status":"publish","type":"post","link":"https:\/\/zonaroja.com.mx\/?p=8191","title":{"rendered":"Crea Congreso nuevas comisiones y modifica calendario de comparecencias"},"content":{"rendered":"\n<p>Redacci\u00f3n\/Zona Roja.<\/p>\n\n\n\n<p>San Raymundo Jalpan, Oax., 29 de enero\nde 2020.- En sesi\u00f3n extraordinaria y ordinaria, la 64 Legislatura del Congreso\nde Oaxaca cre\u00f3 nuevas comisiones legislativas y modific\u00f3 tambi\u00e9n el calendario\nde comparecencias.<\/p>\n\n\n\n<p>Posterior a la asamblea ordinaria, los congresistas\naprobaron el acuerdo de la Junta de Coordinaci\u00f3n Pol\u00edtica, que preside Horacio\nSosa Villavicencio, por el que se integraron tres nuevas Comisiones\nPermanentes, que tendr\u00e1n como tareas espec\u00edficas la vigilancia del sistema\nestatal de planeaci\u00f3n, de la deuda p\u00fablica del estado y de migraci\u00f3n y asuntos\ninternacionales.<\/p>\n\n\n\n<p>La Comisi\u00f3n Permanente de Migraci\u00f3n y\nAsuntos Internacionales, ser\u00e1 presidida por el diputado P\u00e1vel Mel\u00e9ndez Cruz,\nlos legisladores Fabrizio Emir D\u00edaz Alcazar, Luis Alfonso Silva Romo y las\ncongresistas Maritza Escarlet V\u00e1squez Guerra y Arcelia L\u00f3pez Hern\u00e1ndez.<\/p>\n\n\n\n<p>En tanto, la Comisi\u00f3n Permanente de\nVigilancia y Seguimiento al Sistema Estatal de Planeaci\u00f3n, estar\u00e1 encabezada\npor el representante popular C\u00e9sar Enrique Morales Ni\u00f1o, el diputado Gustavo\nD\u00edaz S\u00e1nchez y sus hom\u00f3logas Leticia Socorro Collado Soto, Migdalia Espinosa\nManuel y Karina Espino Carmona.<\/p>\n\n\n\n<p>Mientras que la Comisi\u00f3n Permanente de\nVigilancia de la Deuda P\u00fablica del Estado, la conducir\u00e1 la legisladora Griselda\nSosa V\u00e1squez, las congresistas Yarith Tannos Cruz, Delfina Elizabeth Guzm\u00e1n\nD\u00edaz y los diputados Oth\u00f3n Cuevas C\u00f3rdova y C\u00e9sar Enrique Morales Ni\u00f1o.<\/p>\n\n\n\n<p>CAMBIAN FECHAS<\/p>\n\n\n\n<p>Previo a ello, en sesi\u00f3n ordinaria se\nacord\u00f3 reprogramar para el&nbsp; pr\u00f3ximo 7 de\nfebrero&nbsp; las comparecencias de los\nservidores p\u00fablicos&nbsp; a cargo del\nInstituto Constructor de Infraestructura F\u00edsica, Educativa, la Secretar\u00eda de\nSeguridad P\u00fablica, y la Secretar\u00eda de Medio Ambiente y Energ\u00edas Sustentables,\nque con motivo de la glosa del tercer informe se iban a realizar este jueves 30\nde enero.<\/p>\n\n\n\n<p>Lo anterior, como producto del\nacuerdo&nbsp; parlamentario de los y las\ndiputadas que integran la Junta de Coordinaci\u00f3n Pol\u00edtica.<\/p>\n\n\n\n<p>A las 09:00 horas, del viernes 7 de\nfebrero, comparecer\u00e1 ante la Comisi\u00f3n Permanente de Infraestructura, Desarrollo\nUrbano y Ordenamiento Territorial; la Comisi\u00f3n de Educaci\u00f3n, Ciencia,\nTecnolog\u00eda e Innovaci\u00f3n y la Comisi\u00f3n Especial de Seguimiento al Uso y Destino\nde Recursos Presupuestales Asignados a Trabajos de Reconstrucci\u00f3n tras los\nSismos del a\u00f1o 2017 en el Estado de Oaxaca, el&nbsp;\ndirector del Instituto Constructor de Infraestructura F\u00edsica Educativa,\nAdolfo Maldonado Fuentes.<\/p>\n\n\n\n<p>M\u00e1s tarde, a las 12:30 horas\ncomparecer\u00e1 ante la Comisi\u00f3n Permanente de Seguridad y Protecci\u00f3n Ciudadana y\nla Comisi\u00f3n de Administraci\u00f3n y Procuraci\u00f3n de Justicia, el titular de la\nSecretar\u00eda de Seguridad P\u00fablica del Estado de Oaxaca, Ra\u00fal Ernesto Salcedo Rosales.<\/p>\n\n\n\n<p>Ser\u00e1 a las 17:00 horas cuando\ncomparezca ante la Comisi\u00f3n Permanente de Medio Ambiente, Energ\u00edas Renovables y\nCambio Clim\u00e1tico, el titular de la Secretar\u00eda de Medio Ambiente Energ\u00edas y\nDesarrollo Sustentable, Samuel Gurri\u00f3n Mat\u00edas. <\/p>\n\n\n\n<p>El resto de las comparecencias de los\nservidores p\u00fablicos, se mantendr\u00e1n conforme al calendario, por lo que este\nviernes 31 de enero est\u00e1n programados acudir ante el pleno legislativo, los\ntitulares de las secretar\u00edas de Movilidad, Econom\u00eda y Turismo.<\/p>\n","protected":false},"excerpt":{"rendered":"<p>Redacci\u00f3n\/Zona Roja. San Raymundo Jalpan, Oax., 29 de enero de 2020.- En sesi\u00f3n extraordinaria y&hellip;<\/p>\n","protected":false},"author":2,"featured_media":8192,"comment_status":"closed","ping_status":"open","sticky":false,"template":"","format":"standard","meta":{"_lmt_disableupdate":"","_lmt_disable":"","_jetpack_memberships_contains_paid_content":false,"footnotes":""},"categories":[109,46],"tags":[213],"class_list":["post-8191","post","type-post","status-publish","format-standard","has-post-thumbnail","hentry","category-minuto-a-minuto","category-zona-blanca","tag-64-legislatura-de-oaxaca"],"jetpack_featured_media_url":"https:\/\/zonaroja.com.mx\/wp-content\/uploads\/2020\/01\/DSC_3440-1.jpg","jetpack_sharing_enabled":true,"_links":{"self":[{"href":"https:\/\/zonaroja.com.mx\/index.php?rest_route=\/wp\/v2\/posts\/8191","targetHints":{"allow":["GET"]}}],"collection":[{"href":"https:\/\/zonaroja.com.mx\/index.php?rest_route=\/wp\/v2\/posts"}],"about":[{"href":"https:\/\/zonaroja.com.mx\/index.php?rest_route=\/wp\/v2\/types\/post"}],"author":[{"embeddable":true,"href":"https:\/\/zonaroja.com.mx\/index.php?rest_route=\/wp\/v2\/users\/2"}],"replies":[{"embeddable":true,"href":"https:\/\/zonaroja.com.mx\/index.php?rest_route=%2Fwp%2Fv2%2Fcomments&post=8191"}],"version-history":[{"count":1,"href":"https:\/\/zonaroja.com.mx\/index.php?rest_route=\/wp\/v2\/posts\/8191\/revisions"}],"predecessor-version":[{"id":8193,"href":"https:\/\/zonaroja.com.mx\/index.php?rest_route=\/wp\/v2\/posts\/8191\/revisions\/8193"}],"wp:featuredmedia":[{"embeddable":true,"href":"https:\/\/zonaroja.com.mx\/index.php?rest_route=\/wp\/v2\/media\/8192"}],"wp:attachment":[{"href":"https:\/\/zonaroja.com.mx\/index.php?rest_route=%2Fwp%2Fv2%2Fmedia&parent=8191"}],"wp:term":[{"taxonomy":"category","embeddable":true,"href":"https:\/\/zonaroja.com.mx\/index.php?rest_route=%2Fwp%2Fv2%2Fcategories&post=8191"},{"taxonomy":"post_tag","embeddable":true,"href":"https:\/\/zonaroja.com.mx\/index.php?rest_route=%2Fwp%2Fv2%2Ftags&post=8191"}],"curies":[{"name":"wp","href":"https:\/\/api.w.org\/{rel}","templated":true}]}}