{"id":81919,"date":"2025-06-30T21:34:10","date_gmt":"2025-07-01T03:34:10","guid":{"rendered":"https:\/\/zonaroja.com.mx\/?p=81919"},"modified":"2025-06-30T21:34:12","modified_gmt":"2025-07-01T03:34:12","slug":"en-24-horas-dos-personas-asesinadas-en-juchitan-oaxaca","status":"publish","type":"post","link":"https:\/\/zonaroja.com.mx\/?p=81919","title":{"rendered":"En 24 horas, dos personas asesinadas en Juchit\u00e1n, Oaxaca"},"content":{"rendered":"\n<p>Raymundo Morales\/Zona Roja.<\/p>\n\n\n\n<p>Oaxaca, Oax., a 30 de junio de 2025.- En un lapso de 24 horas, dos personas han sido ultimadas a balazos en Juchit\u00e1n de Zaragoza, municipio de la regi\u00f3n del Istmo que tiene suspendida a su polic\u00eda municipal, debido a que les aplican ex\u00e1menes de control y confianza.<\/p>\n\n\n\n<p>El m\u00e1s reciente hecho ocurri\u00f3 la tarde de hoy en un local de lavado de autos ubicado en la Quinta Secci\u00f3n, donde acribillaron al profesor jubilado Julio S. M., de 68 a\u00f1os de edad.<\/p>\n\n\n\n<p>Sujetos armados arribaron al sitio y acribillaron al individuo, quien fue docente del Colegio Nacional de Educaci\u00f3n Profesional T\u00e9cnica n\u00famero 343 de Juchit\u00e1n; los familiares retiraron de inmediato el cuerpo.<\/p>\n\n\n\n<p>Personal de la Vicefiscal\u00eda Regional del Istmo arrib\u00f3 a la zona, para iniciar las indagatorias correspondientes, pero hasta el momento no hay reporte de personas detenidas por este crimen.<\/p>\n\n\n\n<p>Apenas ayer por la noche, en la colonia M\u00e1rtires del 31 de Julio fue ultimado un mototaxistas, a bordo de su unidad de motor.<\/p>\n\n\n\n<p>Desde el pasado s\u00e1bado 21 de junio, la Polic\u00eda Estatal de Oaxaca asumi\u00f3 el mando de la seguridad de dicho municipio, tras una revisi\u00f3n de la Fiscal\u00eda General del Estado a la sede de la comisar\u00eda municipal, as\u00ed como al centro de videovigilancia C-2.<\/p>\n\n\n\n<p>Por esos hechos, hay dos personas detenidas, mientras que los uniformados locales fueron suspendidos temporalmente debido a que est\u00e1n en proceso de aplicaci\u00f3n de sus ex\u00e1menes de control y confianza.<\/p>\n","protected":false},"excerpt":{"rendered":"<p>Raymundo Morales\/Zona Roja. Oaxaca, Oax., a 30 de junio de 2025.- En un lapso de&hellip;<\/p>\n","protected":false},"author":2,"featured_media":81920,"comment_status":"closed","ping_status":"open","sticky":false,"template":"","format":"standard","meta":{"_lmt_disableupdate":"","_lmt_disable":"","_jetpack_memberships_contains_paid_content":false,"footnotes":""},"categories":[109,51],"tags":[297],"class_list":["post-81919","post","type-post","status-publish","format-standard","has-post-thumbnail","hentry","category-minuto-a-minuto","category-zona-roja","tag-ejecutado-juchitan"],"jetpack_featured_media_url":"https:\/\/zonaroja.com.mx\/wp-content\/uploads\/2025\/06\/Asesinado-lava-autos-Juchitan-Quinta-Seccion.jpeg","jetpack_sharing_enabled":true,"_links":{"self":[{"href":"https:\/\/zonaroja.com.mx\/index.php?rest_route=\/wp\/v2\/posts\/81919","targetHints":{"allow":["GET"]}}],"collection":[{"href":"https:\/\/zonaroja.com.mx\/index.php?rest_route=\/wp\/v2\/posts"}],"about":[{"href":"https:\/\/zonaroja.com.mx\/index.php?rest_route=\/wp\/v2\/types\/post"}],"author":[{"embeddable":true,"href":"https:\/\/zonaroja.com.mx\/index.php?rest_route=\/wp\/v2\/users\/2"}],"replies":[{"embeddable":true,"href":"https:\/\/zonaroja.com.mx\/index.php?rest_route=%2Fwp%2Fv2%2Fcomments&post=81919"}],"version-history":[{"count":1,"href":"https:\/\/zonaroja.com.mx\/index.php?rest_route=\/wp\/v2\/posts\/81919\/revisions"}],"predecessor-version":[{"id":81921,"href":"https:\/\/zonaroja.com.mx\/index.php?rest_route=\/wp\/v2\/posts\/81919\/revisions\/81921"}],"wp:featuredmedia":[{"embeddable":true,"href":"https:\/\/zonaroja.com.mx\/index.php?rest_route=\/wp\/v2\/media\/81920"}],"wp:attachment":[{"href":"https:\/\/zonaroja.com.mx\/index.php?rest_route=%2Fwp%2Fv2%2Fmedia&parent=81919"}],"wp:term":[{"taxonomy":"category","embeddable":true,"href":"https:\/\/zonaroja.com.mx\/index.php?rest_route=%2Fwp%2Fv2%2Fcategories&post=81919"},{"taxonomy":"post_tag","embeddable":true,"href":"https:\/\/zonaroja.com.mx\/index.php?rest_route=%2Fwp%2Fv2%2Ftags&post=81919"}],"curies":[{"name":"wp","href":"https:\/\/api.w.org\/{rel}","templated":true}]}}